{"id":19681,"date":"2015-03-05T12:15:42","date_gmt":"2015-03-05T12:15:42","guid":{"rendered":"https:\/\/www.circuitricardotormo.com\/historia-val\/"},"modified":"2015-03-05T12:15:42","modified_gmt":"2015-03-05T12:15:42","slug":"historia-val","status":"publish","type":"post","link":"https:\/\/www.circuitricardotormo.com\/ca\/historia-val\/","title":{"rendered":"Hist\u00f2ria"},"content":{"rendered":"<div class=\"noticia\">\n<p style=\"text-align: justify;\">Desque va ser inaugurat el 19 de setembre de 1999, el Circuit de la Comunitat Valenciana Ricardo Tormo s\u2019ha convertit en un lloc emblem\u00e0tic. Una aposta per l\u2019esport que situa la Comunitat com a referent en el m\u00f3n del motor. <a class=\"lightbox\" href=\"http:\/\/binn.wpengine.com\/wp-content\/uploads\/2014\/11\/Historia.jpg\" target=\"_blank\" rel=\"noopener\"><img fetchpriority=\"high\" decoding=\"async\" class=\"alignright wp-image-2152 size-medium\" src=\"http:\/\/binn.wpengine.com\/wp-content\/uploads\/2014\/11\/Historia-600x450.jpg\" alt=\"\" width=\"300\" height=\"225\" \/><\/a><\/p>\n<p style=\"text-align: justify;\">De fet, ha rebut nombrosos guardons que el consoliden, en l\u2019actualitat, com un dels millors circuits. Ha sigut premiat com a \u2018Millor Organitzador\u2019 en les m\u00e9s importants i prestigioses competicions: tres premis IRTA BEST GRAND PRIX (2003, 2004 i 2006) del Mundial de Motociclisme, dos en l\u2019organitzaci\u00f3 del Campionat del M\u00f3n de Superbike (2000 i 2006) i un del millor Gran Premio Cami\u00f3n (2001).<\/p>\n<p style=\"text-align: justify;\">L\u2019exigent tra\u00e7at i les excel\u00b7lents instal\u00b7lacions, han convertit el Circuit en centre neur\u00e0lgic del motor, ja que entre events, entrenaments i activitats complement\u00e0ries, l\u2019ocupaci\u00f3 de la pista al llarg de l\u2019any es situa en el 95%. A m\u00e9s del Mundial de MotoGP, ha acollit les dos proves m\u00e9s importants de Turismes, el Mundial de Turismes FIA WTCC i el Campionat Alem\u00e0 de Velocitat DTM, proves de Formula 3 i GT\u2019s, el Campionat d\u2019Espanya de Velocitat CEV de motociclisme i entrenaments de pretemporada de les escuderies de F\u00f3rmula 1.<\/p>\n<p style=\"text-align: justify;\">Cada any, el circuit valenci\u00e0 tanca la temporada de MotoGP en un event que s\u2019ha convertit en una refer\u00e8ncia per als 120.000 aficionats que omplin les graderies i en el que els pilots disfruten per les caracter\u00edstiques t\u00e8cniques de la pista.<\/p>\n<p style=\"text-align: justify;\">Es, en definitiva, una instal\u00b7laci\u00f3 al servei de la nombrosa afici\u00f3 valenciana al motociclisme, que al llarg de la seua historia ha rebut m\u00e9s de quatre milions i mig de visitants. Una xifra que evid\u00e8ncia l\u2019encert del projecte.<\/p>\n<p style=\"text-align: justify;\">Per\u00f2 la pretensi\u00f3 de la Generalitat ofereix perspectives m\u00e9s amples. El Ricardo Tormo pret\u00e9n establir-se com a agent dinamitzador. No \u00e9s nom\u00e9s un circuit de carreres. Es un punt de trovada, un lloc de reuni\u00f3 i, sobre tot, de diversi\u00f3, amb els amics, amb la familia. Per aix\u00f2, la direcci\u00f3n del Circuit prepara en cada event activitats complement\u00e0ries, amb l\u2019objectiu que els aficionats participen i disfruten.<\/p>\n<p style=\"text-align: justify;\">Aix\u00ed, el Circuit transcendeix l\u2019\u00e0mbit de les competicions per a convertir-se en un espai l\u00fadic per als aficionats. Esta iniciativa ha acostat el circuit a la societat valenciana, que considera el recinte com una zona per a l\u2019oci en grup, amb una \u00e0mplia i variada oferta d\u2019activitats, tant per a contemplar com per a participar.<\/p>\n<h2 style=\"text-align: justify;\">Promoci\u00f3 esportiva<\/h2>\n<p style=\"text-align: justify;\">\n<a class=\"lightbox\" href=\"\/wp-content\/uploads\/2014\/11\/historia-31.jpg\"><img decoding=\"async\" class=\"alignright size-full wp-image-2157\" src=\"\/wp-content\/uploads\/2014\/11\/historia-31.jpg\" alt=\"historia-3\" width=\"600\" height=\"419\" \/><\/a>La construcci\u00f3 del Circuit de la Comunitat Valenciana Ricardo Tormo no nom\u00e9s \u00e9s una resposta a les reivindicacions dels moters valencians. La Generalitat ha creat un projecte esportiu amb l\u2019objectiu de formar als pilots joves. La Cuna de Campeones en motos i l\u2019Escola de Karting Profiltek constitueixen la primera oportunitat per a que els xiquets competisquen en motos i karts. Despr\u00e9s d\u2019un proc\u00e9s d\u2019aprenentatge en diferents categories, vehicles i competicions, la pir\u00e0mide es completa amb la presencia de pilots<\/p>\n<\/div>\n<p style=\"text-align: justify;\">\n","protected":false},"excerpt":{"rendered":"<p>Desque va ser inaugurat el 19 de setembre de 1999, el Circuit de la Comunitat Valenciana Ricardo Tormo s\u2019ha convertit en un lloc emblem\u00e0tic. Una aposta per l\u2019esport que situa la Comunitat com a referent en el m\u00f3n del motor. De fet, ha rebut nombrosos guardons que el consoliden, en l\u2019actualitat, com un dels millors [&hellip;]<\/p>\n","protected":false},"author":1,"featured_media":3172,"comment_status":"closed","ping_status":"open","sticky":false,"template":"","format":"standard","meta":{"_acf_changed":false,"footnotes":""},"categories":[818],"tags":[],"class_list":["post-19681","post","type-post","status-publish","format-standard","has-post-thumbnail","hentry","category-sin-categoria-ca"],"acf":[],"_links":{"self":[{"href":"https:\/\/www.circuitricardotormo.com\/ca\/wp-json\/wp\/v2\/posts\/19681","targetHints":{"allow":["GET"]}}],"collection":[{"href":"https:\/\/www.circuitricardotormo.com\/ca\/wp-json\/wp\/v2\/posts"}],"about":[{"href":"https:\/\/www.circuitricardotormo.com\/ca\/wp-json\/wp\/v2\/types\/post"}],"author":[{"embeddable":true,"href":"https:\/\/www.circuitricardotormo.com\/ca\/wp-json\/wp\/v2\/users\/1"}],"replies":[{"embeddable":true,"href":"https:\/\/www.circuitricardotormo.com\/ca\/wp-json\/wp\/v2\/comments?post=19681"}],"version-history":[{"count":0,"href":"https:\/\/www.circuitricardotormo.com\/ca\/wp-json\/wp\/v2\/posts\/19681\/revisions"}],"wp:featuredmedia":[{"embeddable":true,"href":"https:\/\/www.circuitricardotormo.com\/ca\/wp-json\/wp\/v2\/media\/3172"}],"wp:attachment":[{"href":"https:\/\/www.circuitricardotormo.com\/ca\/wp-json\/wp\/v2\/media?parent=19681"}],"wp:term":[{"taxonomy":"category","embeddable":true,"href":"https:\/\/www.circuitricardotormo.com\/ca\/wp-json\/wp\/v2\/categories?post=19681"},{"taxonomy":"post_tag","embeddable":true,"href":"https:\/\/www.circuitricardotormo.com\/ca\/wp-json\/wp\/v2\/tags?post=19681"}],"curies":[{"name":"wp","href":"https:\/\/api.w.org\/{rel}","templated":true}]}}