{"id":19703,"date":"2015-03-23T11:50:31","date_gmt":"2015-03-23T11:50:31","guid":{"rendered":"https:\/\/www.circuitricardotormo.com\/marco-garcia-se-lleva-dos-triunfos-en-sevilla-en-el-estreno-de-la-cuna-de-campeones\/"},"modified":"2015-03-23T11:50:31","modified_gmt":"2015-03-23T11:50:31","slug":"marco-garcia-se-lleva-dos-triunfos-en-sevilla-en-el-estreno-de-la-cuna-de-campeones","status":"publish","type":"post","link":"https:\/\/www.circuitricardotormo.com\/ca\/marco-garcia-se-lleva-dos-triunfos-en-sevilla-en-el-estreno-de-la-cuna-de-campeones\/","title":{"rendered":"Marco Garc\u00eda guanya dues vegades a Sevilla en l&#8217;estrena de la Cuna de Campeones"},"content":{"rendered":"<ul>\n<li><strong>Pedro Acosta i Jos\u00e9 Antonio Rueda guanyen en MiniGP 110<\/strong><\/li>\n<li><strong>Adri\u00e1n Fern\u00e1ndez i Adri\u00e1n Huertas pujen al gra\u00f3 m\u00e9s alt del podi en MiniGP 140<\/strong><\/li>\n<li><strong>La pr\u00f2xima cita d&#8217;aquesta temporada ser\u00e0 en M\u00f3ra d\u2019Ebre (Tarragona) el 12 d&#8217;abril<\/strong><\/li>\n<\/ul>\n<p style=\"text-align: justify;\">La Cuna de Campeones ha inaugurat una nova temporada amb sis carreres al circuit d&#8217;Alcal\u00e1 del R\u00edo (Sevilla) en qu\u00e8 el gran triomfador ha sigut el pilot madrileny Marco Garc\u00eda, vencedor de les dues m\u00e0negues de Minimotos. En la categoria interm\u00e8dia de MiniGP 110 els triomfs han sigut\u00a0per a Pedro Acosta i Jos\u00e9 Antonio Rueda, debutant en la categoria, mentre que a MiniGP 140 Adri\u00e1n Fern\u00e1ndex i Adri\u00e1n Huertas han aconseguit les dues vict\u00f2ries en joc. La pr\u00f2xima\u00a0cita de\u00a0la Cuna de Campeones\u00a0ser\u00e0 el cap de setmana del 12 d&#8217;abril al circuit de M\u00f3ra d&#8217;Ebre (Tarragona).<\/p>\n<p style=\"text-align: justify;\"><strong>Minimotos: Marco Garc\u00eda comen\u00e7a <\/strong><strong>en forma<\/strong><\/p>\n<p>El pilot madrileny Marco Garc\u00eda ha comen\u00e7at 2015 com a l\u00edder de la Cuna de Campeones \u00a0despr\u00e9s de sumar una &#8216;pole&#8217; i dues vict\u00f2ries en la primera cita de l&#8217;any, disputada al circuit sevill\u00e0 d&#8217;Alcal\u00e1 del R\u00edo. Marco Garc\u00eda, que partia des de la primera posici\u00f3 de la graella, ha aprofitat aquest privilegi per marxar cap a la vict\u00f2ria des que s&#8217;ha apagat el sem\u00e0for, perseguit de prop per Jes\u00fas Torres, que ha acabat segon, i Gonzalo P\u00e9rez, que ha estat tercer. M\u00e9s barallades han estat les seg\u00fcents posicions, ocupades per Sergio Rubio, Eduardo Guti\u00e9rrez, Izan Jes\u00fas Bellido, Abraham Montero i \u00c1lvaro Fuertes.<\/p>\n<figure id=\"attachment_4323\" aria-describedby=\"caption-attachment-4323\" style=\"width: 300px\" class=\"wp-caption alignleft\"><a class=\"lightbox\" href=\"http:\/\/binn.wpengine.com\/wp-content\/uploads\/2015\/03\/Minimotos-victoria-Marco-Garc\u00eda-Cuna-de-Campeones-Sevilla.jpg\" target=\"_blank\" rel=\"noopener\"><img fetchpriority=\"high\" decoding=\"async\" class=\"wp-image-4323 size-medium\" src=\"http:\/\/binn.wpengine.com\/wp-content\/uploads\/2015\/03\/Minimotos-victoria-Marco-Garc\u00eda-Cuna-de-Campeones-Sevilla-720x450.jpg\" alt=\"Minimotos victoria Marco Garc\u00eda Cuna de Campeones Sevilla\" width=\"300\" height=\"187\" \/><\/a><figcaption id=\"caption-attachment-4323\" class=\"wp-caption-text\">Marco Garc\u00eda<\/figcaption><\/figure>\n<p style=\"text-align: justify;\">En\u00a0la segona m\u00e0nega, Garc\u00eda ha calcat un gui\u00f3 molt similar, escapant-se des del principi i deixant enrere la resta de rivals. David Garc\u00eda, que en la primera m\u00e0nega s&#8217;ha eixit de la pista i s&#8217;ha tornat a unir a la carrera\u00a0en posicions molt endarrerides, ha acabat segon, just per davant de Jes\u00fas Torres, tercer en la carrera i segon de la general. Sergio Rubio, \u00c1lvaro Fuertes, Izan Jes\u00fas Bellido, \u00c1lvaro Carpe i Eduardo Guti\u00e9rrez han entrat en les seg\u00fcents posicions.<\/p>\n<p style=\"text-align: justify;\"><strong>MiniGP 110: Pedro Acosta i Jos\u00e9 Antonio Rueda\u00a0al capdamunt<\/strong><\/p>\n<p>Com en Minimotos, el pilot de la &#8216;pole&#8217; tamb\u00e9 ha estat el vencedor en MiniGP 110 en la primera m\u00e0nega. En aquest cas, es tracta del murci\u00e0 Pedro Acosta, que no ha tingut rival a la primera de les dues m\u00e0negues disputades al circuit sevill\u00e0 d&#8217;Alcal\u00e1 del R\u00edo. Despr\u00e9s d&#8217;ell han arribat a meta alguns dels\u00a0pilots locals, com Dani Mu\u00f1oz, Hugo Mill\u00e1n o Jos\u00e9 Antonio Rueda, aquest \u00faltim debutant en la categoria, igual que \u00c0ngel Piqueras, cinqu\u00e8. Ferm\u00edn Aldeguer, Adri\u00e1n Hern\u00e1ndez i Antonio Carpe han ocupat les seg\u00fcents posicions.<\/p>\n<p>La segona m\u00e0nega ha tingut un desenlla\u00e7 diferent en aquesta ocasi\u00f3, amb el debutant i vigent campi\u00f3 de Minimotos Jos\u00e9 Antonio Rueda com a vencedor. Rueda, que sortia des de la segona fila de la graella, ha ven\u00e7ut per un segon i mig a Pedro Acosta, segon en aquesta segona m\u00e0nega i l\u00edder de la general, i per poc m\u00e9s de quatre segons a un altre dels debutants en aquesta categoria interm\u00e8dia, \u00c0ngel Piqueras. David Mu\u00f1oz, Roberto Garc\u00eda, Ferm\u00edn Aldeguer, Adri\u00e1n Hern\u00e1ndez i Iv\u00e1n Sierra han acabat tamb\u00e9 entre els huit primers. Acosta, Rueda i Piqueras ocupen les tres primeres posicions de la general.<\/p>\n<p style=\"text-align: justify;\"><strong>MiniGP 140: Triomfs per a Adri\u00e1n Fern\u00e1ndez i Adri\u00e1n Huertas<\/strong><\/p>\n<p style=\"text-align: justify;\">En la categoria gran, la de MiniGP 140, el pilot de la pole, Ra\u00fal P\u00e9rez, no ha pogut acabar en el m\u00e9s alt del podi en cap de les dues m\u00e0negues. A la primera, la vict\u00f2ria ha estat per Adri\u00e1n Fern\u00e1ndez, qui partia un poquet\u00a0m\u00e9s endarrerit per\u00f2 ha aprofitat la mala sort d&#8217;Adri\u00e1n Huertas, que s&#8217;ha anat a terra, i el seu major ritme de carrera, per imposar-se a la resta dels seus rivals. Per la seua banda, P\u00e9rez ha pogut acabar segon despr\u00e9s d&#8217;un avan\u00e7ament al balear Izan Guevara, que rodava segon despr\u00e9s Fern\u00e1ndez. David Salvador, Marcos Uriarte, Marcos Ruda, Daniel Holgado i Marcos Garc\u00eda ocupen les seg\u00fcents posicions de la primera m\u00e0nega..<\/p>\n<figure id=\"attachment_4329\" aria-describedby=\"caption-attachment-4329\" style=\"width: 300px\" class=\"wp-caption alignleft\"><a class=\"lightbox\" href=\"http:\/\/binn.wpengine.com\/wp-content\/uploads\/2015\/03\/MiniGP-140-parrilla-2.jpg\" target=\"_blank\" rel=\"noopener\"><img decoding=\"async\" class=\"wp-image-4329 size-medium\" src=\"http:\/\/binn.wpengine.com\/wp-content\/uploads\/2015\/03\/MiniGP-140-parrilla-2-720x450.jpg\" alt=\"MiniGP 140 parrilla (2)\" width=\"300\" height=\"187\" \/><\/a><figcaption id=\"caption-attachment-4329\" class=\"wp-caption-text\">Salida de MiniGP 140<\/figcaption><\/figure>\n<p style=\"text-align: justify;\">Huertas, per\u00f2, no ha donat opcions a la segona de les carreres disputades hui i s&#8217;ha imposat a la resta de pilots per m\u00e9s de tres segons. El pilot madrileny, que a m\u00e9s ha marcat la volta r\u00e0pida de la carrera, no ha tingut rival en aquesta m\u00e0nega en qu\u00e8 Adri\u00e1n Fern\u00e1ndez i Izan Guevara han ocupat les altres dues posicions del podi. Despr\u00e9s d&#8217;ells han acabat Ra\u00fal P\u00e9rez, segon de la general despr\u00e9s de Fern\u00e1ndez, David Salvador, Marc Uriarte, Marcos Ruda i Daniel Holgado, en un ordre similar al de la primera m\u00e0nega.<\/p>\n<p style=\"text-align: justify;\"><strong>Sis cites de mar\u00e7 a novembre<\/strong><\/p>\n<p style=\"text-align: justify;\">El calendari de la Cuna de Campeones 2015 compta amb un total de sis carreres per als pilots de Minimotos, MiniGP 110 i MiniGP 140, que tancaran la temporada a la pista del Circuit de la Comunitat Valenciana Ricardo Tormo el dia del Gran Premi de la Comunitat Valenciana de MotoGP. La pr\u00f2xima carrera tindr\u00e0 lloc el cap de setmana del 11 i 12 d&#8217;abril al circuit de M\u00f3ra d&#8217;Ebre, a Tarragona.<\/p>\n","protected":false},"excerpt":{"rendered":"<p>Pedro Acosta i Jos\u00e9 Antonio Rueda guanyen en MiniGP 110 Adri\u00e1n Fern\u00e1ndez i Adri\u00e1n Huertas pujen al gra\u00f3 m\u00e9s alt del podi en MiniGP 140 La pr\u00f2xima cita d&#8217;aquesta temporada ser\u00e0 en M\u00f3ra d\u2019Ebre (Tarragona) el 12 d&#8217;abril La Cuna de Campeones ha inaugurat una nova temporada amb sis carreres al circuit d&#8217;Alcal\u00e1 del R\u00edo [&hellip;]<\/p>\n","protected":false},"author":1,"featured_media":4026,"comment_status":"closed","ping_status":"open","sticky":false,"template":"","format":"standard","meta":{"_acf_changed":false,"footnotes":""},"categories":[825,821],"tags":[183,312,176,185,186,187,188,189,190],"class_list":["post-19703","post","type-post","status-publish","format-standard","has-post-thumbnail","hentry","category-cuna-de-campeones-val","category-noticias-val","tag-adrian-fernandez","tag-adrian-huertas","tag-cuna-de-campeones","tag-escuela","tag-jose-antonio-rueda","tag-marco-garcia","tag-pedro-acosta","tag-raul-perez","tag-sevilla"],"acf":[],"_links":{"self":[{"href":"https:\/\/www.circuitricardotormo.com\/ca\/wp-json\/wp\/v2\/posts\/19703","targetHints":{"allow":["GET"]}}],"collection":[{"href":"https:\/\/www.circuitricardotormo.com\/ca\/wp-json\/wp\/v2\/posts"}],"about":[{"href":"https:\/\/www.circuitricardotormo.com\/ca\/wp-json\/wp\/v2\/types\/post"}],"author":[{"embeddable":true,"href":"https:\/\/www.circuitricardotormo.com\/ca\/wp-json\/wp\/v2\/users\/1"}],"replies":[{"embeddable":true,"href":"https:\/\/www.circuitricardotormo.com\/ca\/wp-json\/wp\/v2\/comments?post=19703"}],"version-history":[{"count":0,"href":"https:\/\/www.circuitricardotormo.com\/ca\/wp-json\/wp\/v2\/posts\/19703\/revisions"}],"wp:featuredmedia":[{"embeddable":true,"href":"https:\/\/www.circuitricardotormo.com\/ca\/wp-json\/wp\/v2\/media\/4026"}],"wp:attachment":[{"href":"https:\/\/www.circuitricardotormo.com\/ca\/wp-json\/wp\/v2\/media?parent=19703"}],"wp:term":[{"taxonomy":"category","embeddable":true,"href":"https:\/\/www.circuitricardotormo.com\/ca\/wp-json\/wp\/v2\/categories?post=19703"},{"taxonomy":"post_tag","embeddable":true,"href":"https:\/\/www.circuitricardotormo.com\/ca\/wp-json\/wp\/v2\/tags?post=19703"}],"curies":[{"name":"wp","href":"https:\/\/api.w.org\/{rel}","templated":true}]}}