{"id":19713,"date":"2015-05-27T13:30:26","date_gmt":"2015-05-27T13:30:26","guid":{"rendered":"https:\/\/www.circuitricardotormo.com\/crazy-race-por-1a-vez-en-el-green-prix\/"},"modified":"2015-05-27T13:30:26","modified_gmt":"2015-05-27T13:30:26","slug":"crazy-race-por-1a-vez-en-el-green-prix","status":"publish","type":"post","link":"https:\/\/www.circuitricardotormo.com\/ca\/crazy-race-por-1a-vez-en-el-green-prix\/","title":{"rendered":"Crazy Race per 1\u00aa vegada al Green Prix"},"content":{"rendered":"<figure id=\"attachment_5779\" aria-describedby=\"caption-attachment-5779\" style=\"width: 300px\" class=\"wp-caption alignright\"><a class=\"lightbox\" href=\"http:\/\/binn.wpengine.com\/wp-content\/uploads\/2015\/05\/foto03.jpeg\" target=\"_blank\" rel=\"noopener\"><img fetchpriority=\"high\" decoding=\"async\" class=\"wp-image-5779 size-medium\" src=\"http:\/\/binn.wpengine.com\/wp-content\/uploads\/2015\/05\/foto03-720x450.jpeg\" alt=\"foto03\" width=\"300\" height=\"187\" \/><\/a><figcaption id=\"caption-attachment-5779\" class=\"wp-caption-text\">Las trampas de barro son un cl\u00e1sico de la Crazy Race<\/figcaption><\/figure>\n<p style=\"text-align: justify;\">El Circuit de la Comunitat Valenciana Ricardo Tormo far\u00e0 diumenge que ve, 31 de maig, la tercera edici\u00f3 del Green Prix, una reuni\u00f3 d&#8217;activitats que tenen en la conducci\u00f3 sostenible la seua bandera i que, per primera vegada, incorpora una carrera popular de set quil\u00f2metres de dist\u00e0ncia, la Crazy Race Circuit.<br \/>\nAmb eixida en la graella del Circuit i amb set quil\u00f2metres de dist\u00e0ncia per davant, els 1.600 inscrits en la prova tindran l&#8217;oportunitat de c\u00f3rrer per la pista del tra\u00e7at mundialista de Cheste, per l&#8217;\u00e0rea p\u00fablica, per les grades, pel circuit de 4&#215;4, per la muntanya del balc\u00f3 oest, pels vials de servici i pel p\u00e0doc.<br \/>\nL&#8217;activitat comen\u00e7ar\u00e0 el diumenge 31 de maig, a les 9.15 hores, amb la desfilada i amb el concurs de disfresses. El sem\u00e0for es posar\u00e0 en verd a les 10,00 i els participants tindran un m\u00e0xim de dos hores per a completar el recorregut i posteriorment podran degustar la paella gegant que es cuinar\u00e0 en el p\u00e0doc. En esta zona es constituir\u00e0 una \u00e0rea d&#8217;activitats entre les quals es mesclaran les de motor amb els espectacles i la m\u00fasica en directe tant per als participants com per als seus acompanyants i la resta d&#8217;aficionats, que podran accedir-hi debades.<\/p>\n<p style=\"text-align: justify;\">A les 14 hores comen\u00e7aran la Marat\u00f3 ECOseries, una prova d&#8217;automobilisme que combina efici\u00e8ncia, regularitat i resist\u00e8ncia per equips als comandaments de turismes convencionals dividits en categories per a motors di\u00e8sel, gasolina, h\u00edbrids i el\u00e8ctrics<\/p>\n<p style=\"text-align: justify;\">\n","protected":false},"excerpt":{"rendered":"<p>El Circuit de la Comunitat Valenciana Ricardo Tormo far\u00e0 diumenge que ve, 31 de maig, la tercera edici\u00f3 del Green Prix, una reuni\u00f3 d&#8217;activitats que tenen en la conducci\u00f3 sostenible la seua bandera i que, per primera vegada, incorpora una carrera popular de set quil\u00f2metres de dist\u00e0ncia, la Crazy Race Circuit. Amb eixida en la [&hellip;]<\/p>\n","protected":false},"author":1,"featured_media":4464,"comment_status":"closed","ping_status":"open","sticky":false,"template":"","format":"standard","meta":{"_acf_changed":false,"footnotes":""},"categories":[821],"tags":[287,827,289],"class_list":["post-19713","post","type-post","status-publish","format-standard","has-post-thumbnail","hentry","category-noticias-val","tag-crazy-race","tag-ecoseries","tag-green-prix"],"acf":[],"_links":{"self":[{"href":"https:\/\/www.circuitricardotormo.com\/ca\/wp-json\/wp\/v2\/posts\/19713","targetHints":{"allow":["GET"]}}],"collection":[{"href":"https:\/\/www.circuitricardotormo.com\/ca\/wp-json\/wp\/v2\/posts"}],"about":[{"href":"https:\/\/www.circuitricardotormo.com\/ca\/wp-json\/wp\/v2\/types\/post"}],"author":[{"embeddable":true,"href":"https:\/\/www.circuitricardotormo.com\/ca\/wp-json\/wp\/v2\/users\/1"}],"replies":[{"embeddable":true,"href":"https:\/\/www.circuitricardotormo.com\/ca\/wp-json\/wp\/v2\/comments?post=19713"}],"version-history":[{"count":0,"href":"https:\/\/www.circuitricardotormo.com\/ca\/wp-json\/wp\/v2\/posts\/19713\/revisions"}],"wp:featuredmedia":[{"embeddable":true,"href":"https:\/\/www.circuitricardotormo.com\/ca\/wp-json\/wp\/v2\/media\/4464"}],"wp:attachment":[{"href":"https:\/\/www.circuitricardotormo.com\/ca\/wp-json\/wp\/v2\/media?parent=19713"}],"wp:term":[{"taxonomy":"category","embeddable":true,"href":"https:\/\/www.circuitricardotormo.com\/ca\/wp-json\/wp\/v2\/categories?post=19713"},{"taxonomy":"post_tag","embeddable":true,"href":"https:\/\/www.circuitricardotormo.com\/ca\/wp-json\/wp\/v2\/tags?post=19713"}],"curies":[{"name":"wp","href":"https:\/\/api.w.org\/{rel}","templated":true}]}}