{"id":19728,"date":"2015-09-07T11:00:22","date_gmt":"2015-09-07T11:00:22","guid":{"rendered":"https:\/\/www.circuitricardotormo.com\/el-circuit-aposta-pel-verd\/"},"modified":"2015-09-07T11:00:22","modified_gmt":"2015-09-07T11:00:22","slug":"el-circuit-aposta-pel-verd","status":"publish","type":"post","link":"https:\/\/www.circuitricardotormo.com\/ca\/el-circuit-aposta-pel-verd\/","title":{"rendered":"El Circuit aposta pel verd"},"content":{"rendered":"<ul>\n<li style=\"text-align: justify;\"><strong>En una primera fase s&#8217;han plantat 500 arbres i prop de 3.000 arbustos en l&#8217;\u00e0rea del Circuit <\/strong><\/li>\n<li style=\"text-align: justify;\"><strong>Part de l&#8217;aigua de reg prov\u00e9 de la reutilitzaci\u00f3 i depuraci\u00f3 de l&#8217;aigua consumida en les instal\u00b7lacions de Cheste <\/strong><\/li>\n<li style=\"text-align: justify;\"><strong>L&#8217;adaptaci\u00f3 a la norma de qualitat ISO 14002 ha suposat estalvis en consum el\u00e8ctric, \u00fas de materials biodegradables i reciclatge d&#8217;elements contaminants. <\/strong><\/li>\n<\/ul>\n<p style=\"text-align: justify;\">El Circuit de la Comunitat Valenciana Ricardo Tormo, que el pr\u00f2xim 8 de novembre acollir\u00e0 la cita final del <strong>Campionat del M\u00f3n de Motociclisme<\/strong>, est\u00e0 duent a terme un pla d&#8217;arbratge que canviar\u00e0 l&#8217;aspecte de les \u00e0rees que rodegen a les seues instal\u00b7lacions de Cheste.<\/p>\n<figure id=\"attachment_6854\" aria-describedby=\"caption-attachment-6854\" style=\"width: 300px\" class=\"wp-caption alignleft\"><a class=\"lightbox\" href=\"http:\/\/binn.wpengine.com\/wp-content\/uploads\/2015\/09\/Acceso-principal-desde-dentro-\u00e1rboles.jpg\" target=\"_blank\" rel=\"noopener\"><img fetchpriority=\"high\" decoding=\"async\" class=\"wp-image-6854 size-medium\" src=\"http:\/\/binn.wpengine.com\/wp-content\/uploads\/2015\/09\/Acceso-principal-desde-dentro-\u00e1rboles-720x450.jpg\" alt=\"Acceso principal desde dentro \u00e1rboles\" width=\"300\" height=\"187\" \/><\/a><figcaption id=\"caption-attachment-6854\" class=\"wp-caption-text\">\u00c1rbones plantados frente al acceso principal<\/figcaption><\/figure>\n<p style=\"text-align: justify;\">Fins a la data s&#8217;ha actuat en les zones pr\u00f2ximes\u00a0a l&#8217;acc\u00e9s principal, l&#8217;\u00faltima corba del Circuit i el principi de la recta de meta. Per a aix\u00f2 s&#8217;han plantat 500 arbres de distintes esp\u00e8cies i m\u00e9s de 3.000 unitats de distintes esp\u00e8cies arbustives que servixen tamb\u00e9 per a marcar i canalitzar el flux d&#8217;espectadors en esdeveniments de m\u00e0xima aflu\u00e8ncia.<\/p>\n<p style=\"text-align: justify;\">Estos treballs tindran la seua continuaci\u00f3 en una segona fase del <strong>Pla d&#8217;Arbratge<\/strong> on s&#8217;utilitzaran arbres i arbustos per a marcar de forma permanent els aparcaments que rodegen les instal\u00b7lacions del circuit per a millorar el tr\u00e0fic de vehicles.<\/p>\n<p style=\"text-align: justify;\"><strong> Reciclatge i reutilitzaci\u00f3 de recursos<\/strong><\/p>\n<p style=\"text-align: justify;\"><span style=\"line-height: 1.5;\">Despr\u00e9s d&#8217;acollir-se a la norma ISO 14002 relativa a la relaci\u00f3 amb el medi ambient, el Circuit ha realitzat distintes actuacions per a reduir el consum el\u00e8ctric. La instal\u00b7laci\u00f3 d&#8217;<strong>il\u00b7luminaci\u00f3 LED<\/strong> en les zones d&#8217;\u00fas intensiu, com les oficines o la torre de control del Circuit, ha aconseguit estalvis en el consum superiors al 50 per cent. En la mateixa l\u00ednia, gr\u00e0cies a l&#8217;acord entre el Circuit i l&#8217;empresa valenciana Sot\u00e9rmica Ib\u00e8ria SL, s&#8217;han instal\u00b7lat vinils reflectors en les finestres dels edificis amb major \u00fas que repel\u00b7lixen fins al 90 per cent de la radiaci\u00f3 solar amb el conseg\u00fcent estalvi en climatitzaci\u00f3. <\/span><\/p>\n<p style=\"text-align: justify;\"><span style=\"line-height: 1.5;\">Els dep\u00f2sits d&#8217;oli de motor usat i filtres que es troben en els boxs han sigut renovats per a minimitzar el seu risc mediambiental i garantir un correcte reciclatge dels residus.\u00a0Aix\u00ed mateix, els mobles de la nou llotja Circuit Lounge seran instal\u00b7lats per l&#8217;empresa Amco Design, que aprofitar\u00e0 el Gran Premi per a promocionar els seus productes procedents de <strong>reciclatge de cart\u00f3 i paper<\/strong>.<\/span><\/p>\n<figure id=\"attachment_6857\" aria-describedby=\"caption-attachment-6857\" style=\"width: 300px\" class=\"wp-caption alignright\"><a class=\"lightbox\" href=\"http:\/\/binn.wpengine.com\/wp-content\/uploads\/2015\/09\/IMG_8567.jpg\" target=\"_blank\" rel=\"noopener\"><img decoding=\"async\" class=\"wp-image-6857 size-medium\" src=\"http:\/\/binn.wpengine.com\/wp-content\/uploads\/2015\/09\/IMG_8567-720x450.jpg\" alt=\"IMG_8567\" width=\"300\" height=\"187\" \/><\/a><figcaption id=\"caption-attachment-6857\" class=\"wp-caption-text\">Adelfas junto al acceso<\/figcaption><\/figure>\n<p style=\"text-align: justify;\">Com l&#8217;any passat el Circuit posar\u00e0 en marxa durant el Gran Premi el Programa KISS de la m\u00e0 de la <strong>Federaci\u00f3 Internacional de Motociclisme<\/strong> per a promocionar entre els assistents els bons h\u00e0bits de separaci\u00f3 de fems. Dins d&#8217;este programa s&#8217;instaran distints contenidors i poals de fem per a envasos, paper i altres rebutjos.<\/p>\n<p style=\"text-align: justify;\">Finalment en els \u00faltims mesos s&#8217;ha posat en servici un nou equipament en la depuradora del Circuit que permet reutilitzar l&#8217;aigua depurada en les seues instal\u00b7lacions per a reg, de manera que s&#8217;ha pogut reduir en un 30 per cent el consum d&#8217;un recurs tan preat com l&#8217;aigua.<\/p>\n","protected":false},"excerpt":{"rendered":"<p>En una primera fase s&#8217;han plantat 500 arbres i prop de 3.000 arbustos en l&#8217;\u00e0rea del Circuit Part de l&#8217;aigua de reg prov\u00e9 de la reutilitzaci\u00f3 i depuraci\u00f3 de l&#8217;aigua consumida en les instal\u00b7lacions de Cheste L&#8217;adaptaci\u00f3 a la norma de qualitat ISO 14002 ha suposat estalvis en consum el\u00e8ctric, \u00fas de materials biodegradables i [&hellip;]<\/p>\n","protected":false},"author":1,"featured_media":5020,"comment_status":"closed","ping_status":"open","sticky":false,"template":"","format":"standard","meta":{"_acf_changed":false,"footnotes":""},"categories":[821,820],"tags":[149],"class_list":["post-19728","post","type-post","status-publish","format-standard","has-post-thumbnail","hentry","category-noticias-val","category-sin-categoria-va","tag-motogp"],"acf":[],"_links":{"self":[{"href":"https:\/\/www.circuitricardotormo.com\/ca\/wp-json\/wp\/v2\/posts\/19728","targetHints":{"allow":["GET"]}}],"collection":[{"href":"https:\/\/www.circuitricardotormo.com\/ca\/wp-json\/wp\/v2\/posts"}],"about":[{"href":"https:\/\/www.circuitricardotormo.com\/ca\/wp-json\/wp\/v2\/types\/post"}],"author":[{"embeddable":true,"href":"https:\/\/www.circuitricardotormo.com\/ca\/wp-json\/wp\/v2\/users\/1"}],"replies":[{"embeddable":true,"href":"https:\/\/www.circuitricardotormo.com\/ca\/wp-json\/wp\/v2\/comments?post=19728"}],"version-history":[{"count":0,"href":"https:\/\/www.circuitricardotormo.com\/ca\/wp-json\/wp\/v2\/posts\/19728\/revisions"}],"wp:featuredmedia":[{"embeddable":true,"href":"https:\/\/www.circuitricardotormo.com\/ca\/wp-json\/wp\/v2\/media\/5020"}],"wp:attachment":[{"href":"https:\/\/www.circuitricardotormo.com\/ca\/wp-json\/wp\/v2\/media?parent=19728"}],"wp:term":[{"taxonomy":"category","embeddable":true,"href":"https:\/\/www.circuitricardotormo.com\/ca\/wp-json\/wp\/v2\/categories?post=19728"},{"taxonomy":"post_tag","embeddable":true,"href":"https:\/\/www.circuitricardotormo.com\/ca\/wp-json\/wp\/v2\/tags?post=19728"}],"curies":[{"name":"wp","href":"https:\/\/api.w.org\/{rel}","templated":true}]}}