{"id":19783,"date":"2015-12-26T10:55:35","date_gmt":"2015-12-26T10:55:35","guid":{"rendered":"https:\/\/www.circuitricardotormo.com\/el-circuit-tanca-2015-amb-mes-activitat-i-mes-visitants\/"},"modified":"2015-12-26T10:55:35","modified_gmt":"2015-12-26T10:55:35","slug":"el-circuit-tanca-2015-amb-mes-activitat-i-mes-visitants","status":"publish","type":"post","link":"https:\/\/www.circuitricardotormo.com\/ca\/el-circuit-tanca-2015-amb-mes-activitat-i-mes-visitants\/","title":{"rendered":"El Circuit tanca 2015 amb m\u00e9s activitat i m\u00e9s visitants"},"content":{"rendered":"<p style=\"text-align: justify;\">El <strong>Circuit de la Comunitat Valenciana Ricardo Tormo<\/strong> tanca la temporada 2015 amb m\u00e9s activitat que l&#8217;any anterior i amb un increment en el nombre d&#8217;espectadors que han acudit als diferents esdeveniments que han tingut lloc a les instal\u00b7lacions de <strong>Cheste<\/strong>.<\/p>\n<p>Dels 365 dies de l&#8217;any, un total de 318, un 87,12%, han tingut algun tipus d&#8217;activitat, 2,5 punts m\u00e9s que en la temporada 2014. Un poc m\u00e9s d&#8217;un 42,2% d&#8217;aquestes activitats ha estat relacionat amb el motociclisme i el 57,74% amb l&#8217;automobilisme. Mentre que el 63,55% dels contractants procedien d&#8217;Espanya i la resta, de l&#8217;estranger.<\/p>\n<figure id=\"attachment_7469\" aria-describedby=\"caption-attachment-7469\" style=\"width: 300px\" class=\"wp-caption alignleft\"><a class=\"lightbox\" href=\"http:\/\/binn.wpengine.com\/wp-content\/uploads\/2015\/10\/partenza-shell-sabato-001.jpg\" rel=\"attachment wp-att-7469 noopener\" target=\"_blank\"><img fetchpriority=\"high\" decoding=\"async\" class=\"wp-image-7469 size-medium\" src=\"http:\/\/binn.wpengine.com\/wp-content\/uploads\/2015\/10\/partenza-shell-sabato-001-720x450.jpg\" alt=\"partenza shell sabato-001\" width=\"300\" height=\"188\" \/><\/a><figcaption id=\"caption-attachment-7469\" class=\"wp-caption-text\">Ferrari Challenge<\/figcaption><\/figure>\n<p style=\"text-align: justify;\">El <strong>Circuit<\/strong> continua sent una de les instal\u00b7lacions millor valorades per equips i pilots de tot Europa que duen a terme a Cheste els seus entrenaments durant tot l&#8217;any, a m\u00e9s, la pista serveix de laboratori per a la posada en marxa de nous productes relacionats amb les dos i les quatre rodes, presentacions de cotxes i motos i una infinitat d&#8217;activitats que van des de la gravaci\u00f3 d&#8217;audiovisuals fins a la celebraci\u00f3 de dies d&#8217;incentius per a empreses.<\/p>\n<figure id=\"attachment_8803\" aria-describedby=\"caption-attachment-8803\" style=\"width: 300px\" class=\"wp-caption alignright\"><a class=\"lightbox\" href=\"http:\/\/binn.wpengine.com\/wp-content\/uploads\/2015\/11\/selfie-lorenzo-kent-zarco-CircuitValencia-ValenciaGP-Gran-Premio-de-la-Comunitat-Valenciana-MotoGP-2015.jpg\" rel=\"attachment wp-att-8803 noopener\" target=\"_blank\"><img decoding=\"async\" class=\"wp-image-8803 size-medium\" src=\"http:\/\/binn.wpengine.com\/wp-content\/uploads\/2015\/11\/selfie-lorenzo-kent-zarco-CircuitValencia-ValenciaGP-Gran-Premio-de-la-Comunitat-Valenciana-MotoGP-2015-720x450.jpg\" alt=\"selfie lorenzo kent zarco CircuitValencia ValenciaGP Gran Premio de la Comunitat Valenciana MotoGP 2015\" width=\"300\" height=\"188\" \/><\/a><figcaption id=\"caption-attachment-8803\" class=\"wp-caption-text\">El GP bati\u00f3 todos los records<\/figcaption><\/figure>\n<p style=\"text-align: justify;\">\nUn total de 315.630 aficionats han passat per les grades del Circuit per a assistir a alguns dels tretze caps de setmana de carreres que s&#8217;han celebrat. D&#8217;entre aquests destaca el <strong>Gran Premi Motul de la Comunitat Valenciana<\/strong>, que un any m\u00e9s va tancar el <strong>Campionat del M\u00f3n de Motociclisme<\/strong> el passat 8 de novembre amb un excel\u00b7lent impacte medi\u00e0tic. La carrera de Val\u00e8ncia, amb Jorge Lorenzo com a campi\u00f3 del m\u00f3n i Marc M\u00e1rquez i Dani Pedrosa en el p\u00f2dium per davant de Valentino Rossi, \u00e9s la carrera m\u00e9s vista de la hist\u00f2ria a Espanya i It\u00e0lia i la m\u00e9s vista de l&#8217;any en la pr\u00e0ctica totalitat dels pa\u00efsos que emeten el mundial de <strong><a href=\"http:\/\/www.motogp.com\" target=\"_blank\" rel=\"noopener\">MotoGP<\/a><\/strong>.<\/p>\n<p>A m\u00e9s, el Circuit ha continuat impulsant en 2015 dos esdeveniments de producci\u00f3 pr\u00f2pia com ara la reuni\u00f3 de cotxes i motos d&#8217;\u00e8poca sota el paraigua del Classics &amp; Legends i l&#8217;\u00fanica cita a Espanya de la versi\u00f3 europea de la NASCAR, que va arribar junt amb el Gran Premi Cami\u00f3 i que han constitu\u00eft sengles \u00e8xits de p\u00fablic.<\/p>\n","protected":false},"excerpt":{"rendered":"<p>El Circuit de la Comunitat Valenciana Ricardo Tormo tanca la temporada 2015 amb m\u00e9s activitat que l&#8217;any anterior i amb un increment en el nombre d&#8217;espectadors que han acudit als diferents esdeveniments que han tingut lloc a les instal\u00b7lacions de Cheste. Dels 365 dies de l&#8217;any, un total de 318, un 87,12%, han tingut algun [&hellip;]<\/p>\n","protected":false},"author":1,"featured_media":5689,"comment_status":"closed","ping_status":"open","sticky":false,"template":"","format":"standard","meta":{"_acf_changed":false,"footnotes":""},"categories":[819,828,821],"tags":[845,830,149],"class_list":["post-19783","post","type-post","status-publish","format-standard","has-post-thumbnail","hentry","category-circuit-val","category-gp-2015-val","category-noticias-val","tag-845","tag-gran-premi","tag-motogp"],"acf":[],"_links":{"self":[{"href":"https:\/\/www.circuitricardotormo.com\/ca\/wp-json\/wp\/v2\/posts\/19783","targetHints":{"allow":["GET"]}}],"collection":[{"href":"https:\/\/www.circuitricardotormo.com\/ca\/wp-json\/wp\/v2\/posts"}],"about":[{"href":"https:\/\/www.circuitricardotormo.com\/ca\/wp-json\/wp\/v2\/types\/post"}],"author":[{"embeddable":true,"href":"https:\/\/www.circuitricardotormo.com\/ca\/wp-json\/wp\/v2\/users\/1"}],"replies":[{"embeddable":true,"href":"https:\/\/www.circuitricardotormo.com\/ca\/wp-json\/wp\/v2\/comments?post=19783"}],"version-history":[{"count":0,"href":"https:\/\/www.circuitricardotormo.com\/ca\/wp-json\/wp\/v2\/posts\/19783\/revisions"}],"wp:featuredmedia":[{"embeddable":true,"href":"https:\/\/www.circuitricardotormo.com\/ca\/wp-json\/wp\/v2\/media\/5689"}],"wp:attachment":[{"href":"https:\/\/www.circuitricardotormo.com\/ca\/wp-json\/wp\/v2\/media?parent=19783"}],"wp:term":[{"taxonomy":"category","embeddable":true,"href":"https:\/\/www.circuitricardotormo.com\/ca\/wp-json\/wp\/v2\/categories?post=19783"},{"taxonomy":"post_tag","embeddable":true,"href":"https:\/\/www.circuitricardotormo.com\/ca\/wp-json\/wp\/v2\/tags?post=19783"}],"curies":[{"name":"wp","href":"https:\/\/api.w.org\/{rel}","templated":true}]}}