{"id":19786,"date":"2016-01-20T14:47:56","date_gmt":"2016-01-20T14:47:56","guid":{"rendered":"https:\/\/www.circuitricardotormo.com\/el-circuit-posa-en-marxa-la-tercera-edicio-de-classics-legends\/"},"modified":"2016-01-20T14:47:56","modified_gmt":"2016-01-20T14:47:56","slug":"el-circuit-posa-en-marxa-la-tercera-edicio-de-classics-legends","status":"publish","type":"post","link":"https:\/\/www.circuitricardotormo.com\/ca\/el-circuit-posa-en-marxa-la-tercera-edicio-de-classics-legends\/","title":{"rendered":"El Circuit posa en marxa la tercera edici\u00f3 de Classics &#038; Legends"},"content":{"rendered":"<p style=\"text-align: justify;\">El Circuit de la Comunitat Valenciana Ricardo Tormo torna a convocar els seguidors del motor d&#8217;\u00e8poca amb la tercera edici\u00f3 del Classics &amp; Legends, la reuni\u00f3 motos, cotxes i enguany tamb\u00e9 camions cl\u00e0ssics a Cheste els dies <strong>5 i 6 de mar\u00e7<\/strong>.<\/p>\n<p style=\"text-align: justify;\"><a class=\"lightbox\" href=\"https:\/\/www.circuitvalencia.com\/wp-content\/uploads\/2016\/01\/poster_v1-peque.jpg\" rel=\"attachment wp-att-9430 noopener\" target=\"_blank\"><img fetchpriority=\"high\" decoding=\"async\" class=\"alignleft wp-image-9430 \" src=\"https:\/\/www.circuitvalencia.com\/wp-content\/uploads\/2016\/01\/poster_v1-peque.jpg\" alt=\"poster_v1 peque\" width=\"440\" height=\"614\" \/><\/a>Com cada any, un pilot llegendari de la hist\u00f2ria del motociclisme ser\u00e0 el protagonista tant dins com fora de la pista. En aquesta ocasi\u00f3, <strong>Phil Read<\/strong> ha sigut el pilot triat, &#8220;El pr\u00edncep de la velocitat&#8221; visitar\u00e0 per primera vegada el Circuit als seus 77 anys. El pilot brit\u00e0nic va ser set vegades campi\u00f3 del m\u00f3n en els 60 i els 70, va aconseguir 52 vict\u00f2ries i 121 podis. A m\u00e9s, va ser el guanyador en huit ocasions de la llegend\u00e0ria carrera de l&#8217;Illa de Man i d&#8217;altres dos en les 500 milles de Thruxton.<\/p>\n<p style=\"text-align: justify;\">Centenars de motos i cotxes cl\u00e0ssics, anteriors a 1991, ompliran d&#8217;activitat el p\u00e0doc i la pista del Circuit on, a m\u00e9s, es concentraran els <strong>Pegaso<\/strong> d&#8217;\u00e8poca i diverses col\u00b7leccions de camions que s&#8217;exposaran a Cheste.<\/p>\n<p style=\"text-align: justify;\">La competici\u00f3 arribar\u00e0 de la m\u00e0 del <strong>Historic Endurance<\/strong> que, a m\u00e9s, incorpora la participaci\u00f3 dels <strong>F\u00f3rmula 1 hist\u00f2rics<\/strong> dels anys 70 i els 80, pilotats pels seus actuals amos. Aquests monoplaces de col\u00b7leccionista evocaran els records d&#8217;una altra \u00e8poca en els aficionats.<\/p>\n<p style=\"text-align: justify;\">Les <strong><span style=\"text-decoration: underline; color: #0000ff;\"><a style=\"color: #0000ff; text-decoration: underline;\" href=\"https:\/\/entradas.circuitvalencia.com\/circuitvalencia\/ca_ES-valencia\/tickets\" target=\"_blank\" rel=\"noopener\">entrades <\/a><\/span><\/strong>estan a la venda a la p\u00e0gina web oficial del Circuit <span style=\"color: #0000ff;\"><strong>www.circuitvalencia.com<\/strong><\/span> amb un preu de 10 euros per a tot el cap de setmana i de 8 para cada un dels dies.<\/p>\n<p style=\"text-align: justify;\">Tant en la jornada de dissabte com en la de diumenge, els aficionats tindran l&#8217;oportunitat de veure rodar per la pista del Gran Premi m\u00e0quines m\u00edtiques i al p\u00e0doc veure de prop alguns models \u00fanics. A m\u00e9s, els propietaris de <strong>cl\u00e0ssics<\/strong> (anteriors a 1991) tindran l&#8217;oportunitat d&#8217;exposar els seus vehicles de manera gratu\u00efta nom\u00e9s pagant el preu de l&#8217;entrada.<\/p>\n","protected":false},"excerpt":{"rendered":"<p>El Circuit de la Comunitat Valenciana Ricardo Tormo torna a convocar els seguidors del motor d&#8217;\u00e8poca amb la tercera edici\u00f3 del Classics &amp; Legends, la reuni\u00f3 motos, cotxes i enguany tamb\u00e9 camions cl\u00e0ssics a Cheste els dies 5 i 6 de mar\u00e7. Com cada any, un pilot llegendari de la hist\u00f2ria del motociclisme ser\u00e0 el [&hellip;]<\/p>\n","protected":false},"author":1,"featured_media":5986,"comment_status":"closed","ping_status":"open","sticky":false,"template":"","format":"standard","meta":{"_acf_changed":false,"footnotes":""},"categories":[821],"tags":[847,156,829],"class_list":["post-19786","post","type-post","status-publish","format-standard","has-post-thumbnail","hentry","category-noticias-val","tag-clasiques","tag-classics-legends","tag-entrades"],"acf":[],"_links":{"self":[{"href":"https:\/\/www.circuitricardotormo.com\/ca\/wp-json\/wp\/v2\/posts\/19786","targetHints":{"allow":["GET"]}}],"collection":[{"href":"https:\/\/www.circuitricardotormo.com\/ca\/wp-json\/wp\/v2\/posts"}],"about":[{"href":"https:\/\/www.circuitricardotormo.com\/ca\/wp-json\/wp\/v2\/types\/post"}],"author":[{"embeddable":true,"href":"https:\/\/www.circuitricardotormo.com\/ca\/wp-json\/wp\/v2\/users\/1"}],"replies":[{"embeddable":true,"href":"https:\/\/www.circuitricardotormo.com\/ca\/wp-json\/wp\/v2\/comments?post=19786"}],"version-history":[{"count":0,"href":"https:\/\/www.circuitricardotormo.com\/ca\/wp-json\/wp\/v2\/posts\/19786\/revisions"}],"wp:featuredmedia":[{"embeddable":true,"href":"https:\/\/www.circuitricardotormo.com\/ca\/wp-json\/wp\/v2\/media\/5986"}],"wp:attachment":[{"href":"https:\/\/www.circuitricardotormo.com\/ca\/wp-json\/wp\/v2\/media?parent=19786"}],"wp:term":[{"taxonomy":"category","embeddable":true,"href":"https:\/\/www.circuitricardotormo.com\/ca\/wp-json\/wp\/v2\/categories?post=19786"},{"taxonomy":"post_tag","embeddable":true,"href":"https:\/\/www.circuitricardotormo.com\/ca\/wp-json\/wp\/v2\/tags?post=19786"}],"curies":[{"name":"wp","href":"https:\/\/api.w.org\/{rel}","templated":true}]}}