{"id":19792,"date":"2016-03-07T08:43:09","date_gmt":"2016-03-07T08:43:09","guid":{"rendered":"https:\/\/www.circuitricardotormo.com\/classics-legends\/"},"modified":"2016-03-07T08:43:09","modified_gmt":"2016-03-07T08:43:09","slug":"classics-legends","status":"publish","type":"post","link":"https:\/\/www.circuitricardotormo.com\/ca\/classics-legends\/","title":{"rendered":"Classics &#038; Legends"},"content":{"rendered":"<h3 style=\"text-align: justify;\">El Classics &amp; Legends reunix a 14.000 aficionats en el Circuit<\/h3>\n<ul style=\"text-align: justify;\">\n<li>\n<h4><strong>22 MV Agusta de Gran Premi amb Phil Read al cap en el Trofeu Paco Gonz\u00e1lez<\/strong><\/h4>\n<\/li>\n<li>\n<h4>Estrena de l&#8217;exposici\u00f3 permanent de Ricardo Tormo i de la nova decoraci\u00f3 del Circuit<\/h4>\n<\/li>\n<\/ul>\n<p style=\"text-align: justify;\">Prop de 600 vehicles entre cotxes, motos, bicis i camions \u00e8poca han participat este cap de setmana en la tercera edici\u00f3 del <strong>Classics And Legends<\/strong>, el festival retro del <strong>Circuit de la Comunitat Valenciana Ricardo Tormo<\/strong>.<\/p>\n<figure id=\"attachment_9898\" aria-describedby=\"caption-attachment-9898\" style=\"width: 300px\" class=\"wp-caption alignleft\"><a class=\"lightbox\" href=\"https:\/\/www.circuitvalencia.com\/wp-content\/uploads\/2016\/03\/web-classiclegends-domingo009.jpg\" rel=\"attachment wp-att-9898 noopener\" target=\"_blank\"><img fetchpriority=\"high\" decoding=\"async\" class=\"wp-image-9898 size-medium\" src=\"https:\/\/www.circuitvalencia.com\/wp-content\/uploads\/2016\/03\/web-classiclegends-domingo009-720x450.jpg\" alt=\"web classic&amp;legends-domingo009\" width=\"300\" height=\"188\" \/><\/a><figcaption id=\"caption-attachment-9898\" class=\"wp-caption-text\">Motos de competici\u00f3 en el paddock i la pista<\/figcaption><\/figure>\n<p style=\"text-align: justify;\">Entre ells, col\u00b7leccions dif\u00edcils de repetir com les 22 MV Agusta que en els anys 70 van dominar el Campionat del M\u00f3n de Motociclisme amb pilots com el brit\u00e0nic Phil Read, estrela invitada a <strong>Cheste<\/strong> junt amb altres pilots de renom com Jim Redman, Pier Paolo Bianchi o Carlos Lavado. Totes elles junt amb altres motos de competici\u00f3 han participat en el Trofeu Paco Gonz\u00e1lez que porta el nom del valenci\u00e0 10 vegades campi\u00f3 d&#8217;Espanya de motociclisme, un dels pioners de l&#8217;esport de les dos rodes a la Comunitat Valenciana.<\/p>\n<figure id=\"attachment_9895\" aria-describedby=\"caption-attachment-9895\" style=\"width: 300px\" class=\"wp-caption alignright\"><a class=\"lightbox\" href=\"https:\/\/www.circuitvalencia.com\/wp-content\/uploads\/2016\/03\/web-classiclegends-domingo072.jpg\" rel=\"attachment wp-att-9895 noopener\" target=\"_blank\"><img decoding=\"async\" class=\"wp-image-9895 size-medium\" src=\"https:\/\/www.circuitvalencia.com\/wp-content\/uploads\/2016\/03\/web-classiclegends-domingo072-720x450.jpg\" alt=\"web classic&amp;legends-domingo072\" width=\"300\" height=\"188\" \/><\/a><figcaption id=\"caption-attachment-9895\" class=\"wp-caption-text\">Cl\u00e0ssics populars<\/figcaption><\/figure>\n<p style=\"text-align: justify;\">Cl\u00e0ssics esportius i cl\u00e0ssics populars s&#8217;han reunit en el Circuit, organitzats pels clubs en la posada en marxa d&#8217;esta primera gran trobada del calendari anual europeu de cotxes d&#8217;\u00e8poca. El Club d&#8217;Autom\u00f2bils Antics de Val\u00e8ncia, L&#8217;Horta Cl\u00e0ssics, el Club Automobilisme de Gandia, l&#8217;escuderia de Motor Cl\u00e0ssic La Plana Utiel, Val\u00e8ncia Equip de Competici\u00f3 junt amb altres col\u00b7laboradors han fet possible que centenars d&#8217;autom\u00f2bils de distintes \u00e8poques sempre anteriors a 1991 s&#8217;hagen exposat en el paddock del Circuit.<\/p>\n<figure id=\"attachment_9901\" aria-describedby=\"caption-attachment-9901\" style=\"width: 266px\" class=\"wp-caption alignleft\"><a class=\"lightbox\" href=\"https:\/\/www.circuitvalencia.com\/wp-content\/uploads\/2016\/03\/web-Yamaha-RD-concentraci\u00f3n-PR-FOTO-Eduardo-Manzana-Classics-And-Legends-CircuitValencia-Circuit-de-la-Comunitat-Valenciana-R\u00a1cardo-Tormo-Cheste.jpg\" rel=\"attachment wp-att-9901 noopener\" target=\"_blank\"><img decoding=\"async\" class=\"wp-image-9901 \" src=\"https:\/\/www.circuitvalencia.com\/wp-content\/uploads\/2016\/03\/web-Yamaha-RD-concentraci\u00f3n-PR-FOTO-Eduardo-Manzana-Classics-And-Legends-CircuitValencia-Circuit-de-la-Comunitat-Valenciana-R\u00a1cardo-Tormo-Cheste.jpg\" alt=\"web Yamaha RD concentraci\u00f3n PR FOTO Eduardo Manzana Classics And Legends CircuitValencia Circuit de la Comunitat Valenciana R\u00a1cardo Tormo Cheste\" width=\"266\" height=\"399\" \/><\/a><figcaption id=\"caption-attachment-9901\" class=\"wp-caption-text\">Les Yamaha RD en el paddock<\/figcaption><\/figure>\n<p style=\"text-align: justify;\">El mateix succe\u00efx amb les motos. Membres de distintes associacions de <strong>Yamaha RD<\/strong> s&#8217;han donat cita en el tra\u00e7at de Cheste amb m\u00e9s de 50 unitats procedents de Gal\u00edcia, Madrid, Barcelona, Alacant, M\u00farcia, M\u00e0laga, Ast\u00faries, Biscaia i per descomptat del club RD de Val\u00e8ncia, amfitri\u00f3 en esta trobada.<\/p>\n<p style=\"text-align: justify;\">En total 14.000 aficionats han passat per les instal\u00b7lacions del Circuit durant el cap de setmana i han disfrutat de distintes activitats dins i fora de la pista. Des de la concentraci\u00f3 de camions <strong>Pegaso<\/strong>, fins al concurs Pin Up o les zona infantils han omplit el paddock mentres en la pista de Gran Premi motos i cotxes celebraven distintes rodades i carreres.<\/p>\n<p style=\"text-align: justify;\">En el pla esportiu el guanyador de la carrera de l&#8217;<strong>Iberian Historic Endurance<\/strong> ha sigut el Porsche 911 de Luis L\u00f3pez per davant del portugu\u00e9s Carlos Oliveira, tamb\u00e9 amb un Porsche 911 i del Lotus Elan del tamb\u00e9 portugu\u00e9s Carlos Barbot. Esta tercera edici\u00f3 del Classics &amp; Legends ha servit tamb\u00e9 per a estrenar l&#8217;exposici\u00f3 permanent del Circuit en record del primer valenci\u00e0 campi\u00f3 del m\u00f3n de motociclisme, el pilot de Canals Ricardo Tormo<\/p>\n","protected":false},"excerpt":{"rendered":"<p>El Classics &amp; Legends reunix a 14.000 aficionats en el Circuit 22 MV Agusta de Gran Premi amb Phil Read al cap en el Trofeu Paco Gonz\u00e1lez Estrena de l&#8217;exposici\u00f3 permanent de Ricardo Tormo i de la nova decoraci\u00f3 del Circuit Prop de 600 vehicles entre cotxes, motos, bicis i camions \u00e8poca han participat este [&hellip;]<\/p>\n","protected":false},"author":1,"featured_media":6178,"comment_status":"closed","ping_status":"open","sticky":false,"template":"","format":"standard","meta":{"_acf_changed":false,"footnotes":""},"categories":[819,821],"tags":[847,499,483,159],"class_list":["post-19792","post","type-post","status-publish","format-standard","has-post-thumbnail","hentry","category-circuit-val","category-noticias-val","tag-clasiques","tag-classics-and-legends","tag-phil-read","tag-ricardo-tormo"],"acf":[],"_links":{"self":[{"href":"https:\/\/www.circuitricardotormo.com\/ca\/wp-json\/wp\/v2\/posts\/19792","targetHints":{"allow":["GET"]}}],"collection":[{"href":"https:\/\/www.circuitricardotormo.com\/ca\/wp-json\/wp\/v2\/posts"}],"about":[{"href":"https:\/\/www.circuitricardotormo.com\/ca\/wp-json\/wp\/v2\/types\/post"}],"author":[{"embeddable":true,"href":"https:\/\/www.circuitricardotormo.com\/ca\/wp-json\/wp\/v2\/users\/1"}],"replies":[{"embeddable":true,"href":"https:\/\/www.circuitricardotormo.com\/ca\/wp-json\/wp\/v2\/comments?post=19792"}],"version-history":[{"count":0,"href":"https:\/\/www.circuitricardotormo.com\/ca\/wp-json\/wp\/v2\/posts\/19792\/revisions"}],"wp:featuredmedia":[{"embeddable":true,"href":"https:\/\/www.circuitricardotormo.com\/ca\/wp-json\/wp\/v2\/media\/6178"}],"wp:attachment":[{"href":"https:\/\/www.circuitricardotormo.com\/ca\/wp-json\/wp\/v2\/media?parent=19792"}],"wp:term":[{"taxonomy":"category","embeddable":true,"href":"https:\/\/www.circuitricardotormo.com\/ca\/wp-json\/wp\/v2\/categories?post=19792"},{"taxonomy":"post_tag","embeddable":true,"href":"https:\/\/www.circuitricardotormo.com\/ca\/wp-json\/wp\/v2\/tags?post=19792"}],"curies":[{"name":"wp","href":"https:\/\/api.w.org\/{rel}","templated":true}]}}