{"id":19800,"date":"2016-04-16T17:28:01","date_gmt":"2016-04-16T17:28:01","guid":{"rendered":"https:\/\/www.circuitricardotormo.com\/el-circuit-presenta-les-seues-escoles-camb-mes-de-cent-pilots\/"},"modified":"2016-04-16T17:28:01","modified_gmt":"2016-04-16T17:28:01","slug":"el-circuit-presenta-les-seues-escoles-camb-mes-de-cent-pilots","status":"publish","type":"post","link":"https:\/\/www.circuitricardotormo.com\/ca\/el-circuit-presenta-les-seues-escoles-camb-mes-de-cent-pilots\/","title":{"rendered":"El Circuit presenta les seues escoles amb m\u00e9s de cent pilots"},"content":{"rendered":"<p style=\"text-align: justify;\">El Circuit de la Comunitat Valenciana Ricardo Tormo ha presentat les seues estructures de formaci\u00f3 de j\u00f3vens pilots d&#8217;automobilisme i de motociclisme. Sota la denominaci\u00f3 F\u00f3rmula de Campions en k\u00e0rting i Bressol de Campions sobre dues rodes, un total de 106 pilots s&#8217;han presentat a Cheste.<\/p>\n<p style=\"text-align: justify;\">El conseller d&#8217;Educaci\u00f3, Investigaci\u00f3, Cultura i Esport, Vicent Marz\u00e0, ha assenyalat que &#8220;des del Govern del Bot\u00e0nic, tenim el comprom\u00eds d&#8217;impulsar l&#8217;esport de base en totes les nostres comarques i, per a aix\u00f2, tenim espais i infraestructures com el circuit del motor Ricardo Tormo. Som conscients que per a professionalitzar i impulsar l&#8217;esport de base \u00e9s necess\u00e0ria la formaci\u00f3 dels nostres j\u00f3vens, i el bressol de campions els ofereix l&#8217;oportunitat de cr\u00e9ixer com a pilots i arribar a formar part del circuit internacional de competicions&#8221;.\u00a0<a class=\"lightbox\" href=\"https:\/\/www.circuitvalencia.com\/wp-content\/uploads\/2016\/04\/F\u00f3rmula-de-Campeones.jpg\" rel=\"attachment wp-att-10161 noopener\" target=\"_blank\"><img fetchpriority=\"high\" decoding=\"async\" class=\" wp-image-10161 alignright\" src=\"https:\/\/www.circuitvalencia.com\/wp-content\/uploads\/2016\/04\/F\u00f3rmula-de-Campeones.jpg\" alt=\"F\u00f3rmula de Campeones\" width=\"284\" height=\"260\" \/><\/a><\/p>\n<p style=\"text-align: justify;\">D&#8217;altra banda, el conseller Vicent Marz\u00e0 tamb\u00e9 ha fet refer\u00e8ncia a la F\u00f3rmula de Campions i a la modificaci\u00f3 que s&#8217;ha fet sobre el programa amb la finalitat de &#8220;prevaldre la formaci\u00f3 dels nostres esportistes&#8221;.<\/p>\n<p style=\"text-align: justify;\">Un total de 106 pilots han sigut els protagonistes de la presentaci\u00f3. Des dels xiquets de les Minimotos de nom\u00e9s huit anys fins als mundialistes H\u00e9ctor Barber\u00e1 en MotoGP o Jorge Navarro i Ar\u00f3n Canet en Moto3, passant pels pilots del nou programa Entrena i Competeix de l&#8217;escola de k\u00e0rting del Circuit.<\/p>\n<p style=\"text-align: justify;\">En la presentaci\u00f3, el director general del Circuit ha destacat el fet que &#8220;tots els pilots de la categoria de Moto3 del Mundial de Motociclisme han realitzat tota o part de la seua formaci\u00f3 en el Bressol de Campions&#8221;, un certamen de promoci\u00f3 de j\u00f3vens talents que es consolida com el millor inici per a afrontar una reeixida carrera esportiva.<\/p>\n<p style=\"text-align: justify;\"><a class=\"lightbox\" href=\"https:\/\/www.circuitvalencia.com\/wp-content\/uploads\/2016\/04\/Cuna-bueno2.png\" rel=\"attachment wp-att-10158 noopener\" target=\"_blank\"><img decoding=\"async\" class=\"wp-image-10158 alignleft\" src=\"https:\/\/www.circuitvalencia.com\/wp-content\/uploads\/2016\/04\/Cuna-bueno2.png\" alt=\"Cuna bueno2\" width=\"300\" height=\"231\" \/><\/a>El pilot de MotoGP H\u00e9ctor Barber\u00e1 ha donat tres consells als m\u00e9s j\u00f3vens &#8220;que gaudisquen d&#8217;aquest meravell\u00f3s esport, que continuen estudiant perqu\u00e8 el cole \u00e9s molt important i que facen cas a Juli\u00e1n Miralles, l&#8217;expilot director de l&#8217;escola&#8221;.<\/p>\n<p style=\"text-align: justify;\">El Bressol de Campions \u00e9s el major programa de promoci\u00f3 de j\u00f3vens pilots del motociclisme internacional. Fins a 17 pilots de qu\u00e8 participen en el campionat del m\u00f3n de motociclisme han participat en proves del Bressol, que aquesta temporada es constitueix com a organitzador de l&#8217;RFME Copa d&#8217;Espanya de Minivelocitat.<\/p>\n<p style=\"text-align: justify;\">Per la seua banda, la F\u00f3rmula de Campions, l&#8217;escola de k\u00e0rting del Circuit, modifica la seua estructura per a donar m\u00e9s import\u00e0ncia a la formaci\u00f3. Aix\u00ed, el nou programa Entrena i Competeix ofereix cursos de perfeccionament a j\u00f3vens pilots i, en funci\u00f3 dels seus resultats, els acompanya en els seus primers passos en la competici\u00f3.<\/p>\n","protected":false},"excerpt":{"rendered":"<p>El Circuit de la Comunitat Valenciana Ricardo Tormo ha presentat les seues estructures de formaci\u00f3 de j\u00f3vens pilots d&#8217;automobilisme i de motociclisme. Sota la denominaci\u00f3 F\u00f3rmula de Campions en k\u00e0rting i Bressol de Campions sobre dues rodes, un total de 106 pilots s&#8217;han presentat a Cheste. El conseller d&#8217;Educaci\u00f3, Investigaci\u00f3, Cultura i Esport, Vicent Marz\u00e0, [&hellip;]<\/p>\n","protected":false},"author":1,"featured_media":6335,"comment_status":"closed","ping_status":"open","sticky":false,"template":"","format":"standard","meta":{"_acf_changed":false,"footnotes":""},"categories":[825,821,820],"tags":[176,207,359],"class_list":["post-19800","post","type-post","status-publish","format-standard","has-post-thumbnail","hentry","category-cuna-de-campeones-val","category-noticias-val","category-sin-categoria-va","tag-cuna-de-campeones","tag-formula-de-campeones","tag-vicent-marza"],"acf":[],"_links":{"self":[{"href":"https:\/\/www.circuitricardotormo.com\/ca\/wp-json\/wp\/v2\/posts\/19800","targetHints":{"allow":["GET"]}}],"collection":[{"href":"https:\/\/www.circuitricardotormo.com\/ca\/wp-json\/wp\/v2\/posts"}],"about":[{"href":"https:\/\/www.circuitricardotormo.com\/ca\/wp-json\/wp\/v2\/types\/post"}],"author":[{"embeddable":true,"href":"https:\/\/www.circuitricardotormo.com\/ca\/wp-json\/wp\/v2\/users\/1"}],"replies":[{"embeddable":true,"href":"https:\/\/www.circuitricardotormo.com\/ca\/wp-json\/wp\/v2\/comments?post=19800"}],"version-history":[{"count":0,"href":"https:\/\/www.circuitricardotormo.com\/ca\/wp-json\/wp\/v2\/posts\/19800\/revisions"}],"wp:featuredmedia":[{"embeddable":true,"href":"https:\/\/www.circuitricardotormo.com\/ca\/wp-json\/wp\/v2\/media\/6335"}],"wp:attachment":[{"href":"https:\/\/www.circuitricardotormo.com\/ca\/wp-json\/wp\/v2\/media?parent=19800"}],"wp:term":[{"taxonomy":"category","embeddable":true,"href":"https:\/\/www.circuitricardotormo.com\/ca\/wp-json\/wp\/v2\/categories?post=19800"},{"taxonomy":"post_tag","embeddable":true,"href":"https:\/\/www.circuitricardotormo.com\/ca\/wp-json\/wp\/v2\/tags?post=19800"}],"curies":[{"name":"wp","href":"https:\/\/api.w.org\/{rel}","templated":true}]}}