{"id":19801,"date":"2016-04-21T14:47:48","date_gmt":"2016-04-21T14:47:48","guid":{"rendered":"https:\/\/www.circuitricardotormo.com\/carreres-exhibicions-musica-i-activitats-infantils-en-el-valencia-nascar-fest\/"},"modified":"2016-04-21T14:47:48","modified_gmt":"2016-04-21T14:47:48","slug":"carreres-exhibicions-musica-i-activitats-infantils-en-el-valencia-nascar-fest","status":"publish","type":"post","link":"https:\/\/www.circuitricardotormo.com\/ca\/carreres-exhibicions-musica-i-activitats-infantils-en-el-valencia-nascar-fest\/","title":{"rendered":"Carreres, exhibicions, m\u00fasica i activitats infantils en el Valencia NASCAR Fest"},"content":{"rendered":"<ul>\n<li style=\"text-align: justify;\"><strong>Les activitats complement\u00e0ries es\u00a0celebran dissabte i diumenge<\/strong><\/li>\n<\/ul>\n<p style=\"text-align: justify;\">El Circuit de la Comunitat Valenciana Ricardo Tormo celebra aquest cap de setmana el Valencia NASCAR Fest, l&#8217;esdeveniment que reuneix a Cheste l&#8217;\u00fanica cita espanyola de la Whelen NASCAR EuroSeries i una infinitat d&#8217;activitats destinades a tots els membres de les fam\u00edlies<\/p>\n<p style=\"text-align: justify;\">A m\u00e9s de les carreres dels espectaculars cotxes americans, el Valencia NASCAR Fest porta a Cheste exhibicions, m\u00fasica en directe, exposicions, activitats infantils i atraccions en un ambient americ\u00e0.<\/p>\n<p style=\"text-align: justify;\"><a class=\"lightbox\" href=\"https:\/\/www.circuitvalencia.com\/wp-content\/uploads\/2016\/04\/web-cartel_valencia_v3.jpg\" rel=\"attachment wp-att-10203 noopener\" target=\"_blank\"><img fetchpriority=\"high\" decoding=\"async\" class=\"alignleft wp-image-10203 \" src=\"https:\/\/www.circuitvalencia.com\/wp-content\/uploads\/2016\/04\/web-cartel_valencia_v3.jpg\" alt=\"web cartel_valencia_v3\" width=\"319\" height=\"453\" \/><\/a>El King of Nations, una competici\u00f3 internacional de Drift, omplir\u00e0 de color el p\u00e0doc i de fum la pista del Circuit amb alguns dels millors derrapadors del m\u00f3n que exhibeixen les seues habilitats.<\/p>\n<p style=\"text-align: justify;\">La m\u00fasica en directe formar\u00e0 part del men\u00fa dels aficionats que assistisquen tant dissabte com diumenge a les carreres. Un ampli escenari s&#8217;omplir\u00e0 d&#8217;acci\u00f3 amb quatre grups i dos DJ premiats pel concurs Sona la Dipu. Dissabte actuaran els grups Desayuno y Caravana Sur i diumenge ho faran Octava Polar, un grup de tribut al grup The Doors i Holy Paul.<\/p>\n<p style=\"text-align: justify;\">Els m\u00e9s menuts de la fam\u00edlia tindran habilitada una zona infantil amb castells unflables i altres atraccions junt amb el parc de Seguretat Vi\u00e0ria que Autoescoles AVAE organitza per a inculcar educaci\u00f3 vi\u00e0ria a xiquets i xiquetes. Les zones de restauraci\u00f3 al m\u00e9s pur estil americ\u00e0 envoltaran la tercera edici\u00f3 d&#8217;American Cars Master en qu\u00e8 els Dodge, Buick, Chevrolet, Mustang, entre d&#8217;altres, estaran exposats abans de participar en exhibicions d&#8217;un quart de milla en la recta del Circuit tant dissabte com diumenge.<\/p>\n<p style=\"text-align: justify;\">Els vehicles pesats tamb\u00e9 tindran el seu espai en el Valencia NASCAR Fest amb la concentraci\u00f3 de camions decorats i a m\u00e9s un espectacle de &#8216;drift&#8217; amb dos camions cremant roda.<\/p>\n<p style=\"text-align: justify;\">El pilot acrob\u00e0tic Emilio Zamora i altres &#8216;stunt riders&#8217; es posaran als comandaments de les seues motocicletes en una g\u00e0bia de 18.000 metres quadrats instal\u00b7lada al p\u00e0doc en qu\u00e8 realitzar\u00e0 cavallets, derrapatges, cremades de roda i altres exhibicions. Els esports americans tindran la seua representaci\u00f3 amb activitats de distintes escoles de futbol americ\u00e0 i patins a m\u00e9s de la posada en marxa d&#8217;un parc de patinatge per a patinadors i ciclistes bmx.<\/p>\n","protected":false},"excerpt":{"rendered":"<p>Les activitats complement\u00e0ries es\u00a0celebran dissabte i diumenge El Circuit de la Comunitat Valenciana Ricardo Tormo celebra aquest cap de setmana el Valencia NASCAR Fest, l&#8217;esdeveniment que reuneix a Cheste l&#8217;\u00fanica cita espanyola de la Whelen NASCAR EuroSeries i una infinitat d&#8217;activitats destinades a tots els membres de les fam\u00edlies A m\u00e9s de les carreres dels [&hellip;]<\/p>\n","protected":false},"author":1,"featured_media":6263,"comment_status":"closed","ping_status":"open","sticky":false,"template":"","format":"standard","meta":{"_acf_changed":false,"footnotes":""},"categories":[821],"tags":[166,507],"class_list":["post-19801","post","type-post","status-publish","format-standard","has-post-thumbnail","hentry","category-noticias-val","tag-nascar","tag-valencia-nascar-fest"],"acf":[],"_links":{"self":[{"href":"https:\/\/www.circuitricardotormo.com\/ca\/wp-json\/wp\/v2\/posts\/19801","targetHints":{"allow":["GET"]}}],"collection":[{"href":"https:\/\/www.circuitricardotormo.com\/ca\/wp-json\/wp\/v2\/posts"}],"about":[{"href":"https:\/\/www.circuitricardotormo.com\/ca\/wp-json\/wp\/v2\/types\/post"}],"author":[{"embeddable":true,"href":"https:\/\/www.circuitricardotormo.com\/ca\/wp-json\/wp\/v2\/users\/1"}],"replies":[{"embeddable":true,"href":"https:\/\/www.circuitricardotormo.com\/ca\/wp-json\/wp\/v2\/comments?post=19801"}],"version-history":[{"count":0,"href":"https:\/\/www.circuitricardotormo.com\/ca\/wp-json\/wp\/v2\/posts\/19801\/revisions"}],"wp:featuredmedia":[{"embeddable":true,"href":"https:\/\/www.circuitricardotormo.com\/ca\/wp-json\/wp\/v2\/media\/6263"}],"wp:attachment":[{"href":"https:\/\/www.circuitricardotormo.com\/ca\/wp-json\/wp\/v2\/media?parent=19801"}],"wp:term":[{"taxonomy":"category","embeddable":true,"href":"https:\/\/www.circuitricardotormo.com\/ca\/wp-json\/wp\/v2\/categories?post=19801"},{"taxonomy":"post_tag","embeddable":true,"href":"https:\/\/www.circuitricardotormo.com\/ca\/wp-json\/wp\/v2\/tags?post=19801"}],"curies":[{"name":"wp","href":"https:\/\/api.w.org\/{rel}","templated":true}]}}