{"id":19816,"date":"2016-06-29T12:33:09","date_gmt":"2016-06-29T12:33:09","guid":{"rendered":"https:\/\/www.circuitricardotormo.com\/el-circuit-col%c2%b7labora-novament-amb-laecc\/"},"modified":"2016-06-29T12:33:09","modified_gmt":"2016-06-29T12:33:09","slug":"el-circuit-col%c2%b7labora-novament-amb-laecc","status":"publish","type":"post","link":"https:\/\/www.circuitricardotormo.com\/ca\/el-circuit-col%c2%b7labora-novament-amb-laecc\/","title":{"rendered":"El Circuit col\u00b7labora novament amb l&#8217;AECC"},"content":{"rendered":"<p style=\"text-align: justify;\">L&#8217;<strong>Associaci\u00f3 Espanyola Contra el C\u00e0ncer<\/strong> AECC i el <strong>Circuit de la Comunitat Valenciana Ricardo Tormo<\/strong> col\u00b7laboren un any m\u00e9s en l&#8217;organitzaci\u00f3 d&#8217;una jornada d&#8217;ajuda als xiquets oncol\u00f2gics que se celebrar\u00e0 dissabte que ve 2 de juliol.<\/p>\n<p style=\"text-align: justify;\">El director general del Circuit Gonzalo Gobert i Jos\u00e9 Esplugues S\u00e1nchez, de l&#8217;AECC s&#8217;han reunit este mat\u00ed per a posar en marxa l&#8217;activitat en qu\u00e8 participaran un total de 60 vehicles del f\u00f2rum\u00a0<a href=\"http:\/\/www.soloporsche.com\/\" target=\"_blank\" rel=\"noopener\"><strong>soloporsche.com<\/strong><\/a>\u00a0<a class=\"lightbox\" href=\"https:\/\/www.circuitvalencia.com\/wp-content\/uploads\/2016\/06\/Logo-AECC.jpg\" target=\"_blank\" rel=\"noopener\"><img fetchpriority=\"high\" decoding=\"async\" class=\" wp-image-11030 alignleft\" src=\"https:\/\/www.circuitvalencia.com\/wp-content\/uploads\/2016\/06\/Logo-AECC.jpg\" alt=\"Logo AECC\" width=\"324\" height=\"166\" \/><\/a><\/p>\n<p style=\"text-align: justify;\">Durant la matinal els esportius alemanys serviran perqu\u00e8 alguns dels pacients oncol\u00f2gics de l&#8217;associaci\u00f3 viva una experi\u00e8ncia inoblidable sobre els 4.005 metres del tra\u00e7at de Cheste. Posteriorment els propietaris dels <strong>Porsche<\/strong> tindran l&#8217;oportunitat de participar en diferents tandes en benefici de l&#8217;AECC.<\/p>\n<p style=\"text-align: justify;\">L&#8217;AECC integra a pacients, familiars, persones volunt\u00e0ries i professionals que treballen units per a previndre, sensibilitzar, acompanyar les persones, i finan\u00e7ar projectes d&#8217;investigaci\u00f3 oncol\u00f2gica que permetran un millor diagn\u00f2stic i tractament del c\u00e0ncer. Lluitar contra el c\u00e0ncer liderant l&#8217;esfor\u00e7 de la societat per a disminuir l&#8217;impacte causat per esta malaltia i millorar la vida de les persones \u00e9s l&#8217;objectiu de l&#8217;Associaci\u00f3 Espanyola Contra el C\u00e0ncer<\/p>\n","protected":false},"excerpt":{"rendered":"<p>L&#8217;Associaci\u00f3 Espanyola Contra el C\u00e0ncer AECC i el Circuit de la Comunitat Valenciana Ricardo Tormo col\u00b7laboren un any m\u00e9s en l&#8217;organitzaci\u00f3 d&#8217;una jornada d&#8217;ajuda als xiquets oncol\u00f2gics que se celebrar\u00e0 dissabte que ve 2 de juliol. El director general del Circuit Gonzalo Gobert i Jos\u00e9 Esplugues S\u00e1nchez, de l&#8217;AECC s&#8217;han reunit este mat\u00ed per a [&hellip;]<\/p>\n","protected":false},"author":1,"featured_media":6838,"comment_status":"closed","ping_status":"open","sticky":false,"template":"","format":"standard","meta":{"_acf_changed":false,"footnotes":""},"categories":[821],"tags":[566,157,567],"class_list":["post-19816","post","type-post","status-publish","format-standard","has-post-thumbnail","hentry","category-noticias-val","tag-aecc","tag-gonzalo-gobert","tag-porsche"],"acf":[],"_links":{"self":[{"href":"https:\/\/www.circuitricardotormo.com\/ca\/wp-json\/wp\/v2\/posts\/19816","targetHints":{"allow":["GET"]}}],"collection":[{"href":"https:\/\/www.circuitricardotormo.com\/ca\/wp-json\/wp\/v2\/posts"}],"about":[{"href":"https:\/\/www.circuitricardotormo.com\/ca\/wp-json\/wp\/v2\/types\/post"}],"author":[{"embeddable":true,"href":"https:\/\/www.circuitricardotormo.com\/ca\/wp-json\/wp\/v2\/users\/1"}],"replies":[{"embeddable":true,"href":"https:\/\/www.circuitricardotormo.com\/ca\/wp-json\/wp\/v2\/comments?post=19816"}],"version-history":[{"count":0,"href":"https:\/\/www.circuitricardotormo.com\/ca\/wp-json\/wp\/v2\/posts\/19816\/revisions"}],"wp:featuredmedia":[{"embeddable":true,"href":"https:\/\/www.circuitricardotormo.com\/ca\/wp-json\/wp\/v2\/media\/6838"}],"wp:attachment":[{"href":"https:\/\/www.circuitricardotormo.com\/ca\/wp-json\/wp\/v2\/media?parent=19816"}],"wp:term":[{"taxonomy":"category","embeddable":true,"href":"https:\/\/www.circuitricardotormo.com\/ca\/wp-json\/wp\/v2\/categories?post=19816"},{"taxonomy":"post_tag","embeddable":true,"href":"https:\/\/www.circuitricardotormo.com\/ca\/wp-json\/wp\/v2\/tags?post=19816"}],"curies":[{"name":"wp","href":"https:\/\/api.w.org\/{rel}","templated":true}]}}