{"id":19836,"date":"2016-12-14T11:31:55","date_gmt":"2016-12-14T11:31:55","guid":{"rendered":"https:\/\/www.circuitricardotormo.com\/mes-de-cent-pilots-participen-en-el-circuit-en-els-entrenaments-de-jovens-talents-de-monoplaces\/"},"modified":"2016-12-14T11:31:55","modified_gmt":"2016-12-14T11:31:55","slug":"mes-de-cent-pilots-participen-en-el-circuit-en-els-entrenaments-de-jovens-talents-de-monoplaces","status":"publish","type":"post","link":"https:\/\/www.circuitricardotormo.com\/ca\/mes-de-cent-pilots-participen-en-el-circuit-en-els-entrenaments-de-jovens-talents-de-monoplaces\/","title":{"rendered":"M\u00e9s de cent pilots participen en el Circuit en els entrenaments de j\u00f3vens talents de monoplaces"},"content":{"rendered":"<p style=\"text-align: justify;\">El <strong>Circuit Ricardo Tormo<\/strong> celebra aquesta setmana cinc jornades d&#8217;entrenaments de j\u00f3vens pilots d&#8217;automobilisme que l&#8217;any que ve participaran en els distints campionats de F\u00f3rmula 4, F\u00f3rmula 3 i F\u00f3rmula Renault que se celebren per tot Europa.<\/p>\n<p style=\"text-align: justify;\">M\u00e9s de cent pilots, procedents de quatre dels cinc continents, duran a terme els entrenaments al volant dels monoplaces que 17 equips posen a la seua disposici\u00f3. Es tracta de proves de selecci\u00f3 que duen a terme les escuderies per a triar els seus pilots amb vista a la temporada 2017.<\/p>\n<p style=\"text-align: justify;\">Prop de quaranta pilots per dia participen en aquestes sessions, amb equips de la talla de Prema, ADM, Jenzer Motorsport, Arden, Fortec, Mucke, Carlin o Tech1 que estan enrolats en la major part dels cert\u00e0mens que componen l&#8217;escala cap a la F\u00f3rmula 1.<\/p>\n<p style=\"text-align: justify;\">En aquests entrenaments, que se celebren a hores d&#8217;ara des de fa m\u00e9s de 15 anys, han passat pilots que van aconseguir consagrar-se en el m\u00f3n de l&#8217;automobilisme, com ara Carlos Sainz Junior, Carmen Jord\u00e1, Jaime Alguersuari, Daniil Kvyat, Adam Caroll, Felipe Nasr, David Fumanelli, Kevin Magnussen, Max Verstappen i Pascal Wehrlein.<\/p>\n<p style=\"text-align: justify;\"><a class=\"lightbox\" href=\"https:\/\/www.circuitvalencia.com\/wp-content\/uploads\/2016\/12\/Test-Formulas-a.jpg\" target=\"_blank\" rel=\"noopener\"><img fetchpriority=\"high\" decoding=\"async\" class=\"wp-image-13462 alignleft\" src=\"https:\/\/www.circuitvalencia.com\/wp-content\/uploads\/2016\/12\/Test-Formulas-a-1170x731.jpg\" alt=\"test-formulas-a\" width=\"526\" height=\"329\" \/><\/a><\/p>\n<p style=\"text-align: justify;\">Entre els participants dos locals, el castellonenc <strong>Roberto Merhi<\/strong>, que en la jornada d&#8217;ahir va prestar la seua col\u00b7laboraci\u00f3 a Porteiro Motorsport en la posada a punt del seu monopla\u00e7a de F\u00f3rmula 4 i els valencians Marta Garc\u00eda i Eliseo Mart\u00ednez, que despr\u00e9s d&#8217;una brillant carrera en el m\u00f3n del k\u00e0rting de la m\u00e0 de la F\u00f3rmula de Campions, comencen a obrir-se cam\u00ed en el m\u00f3n dels monoplaces.<\/p>\n<p style=\"text-align: justify;\">Els entrenaments es desenvolupen amb els monoplaces dividits en dues categories en funci\u00f3 del seu temps per volta. D&#8217;una banda, els F\u00f3rmula 4, per un altre els F\u00f3rmula Renault 2.0 i els F3 que s\u00f3n molt m\u00e9s r\u00e0pids. Tots aquests roden en sessions d&#8217;una hora i en les quals els equips van donant instruccions als seus provadors perqu\u00e8 aconseguisquen arribar a les m\u00e0ximes prestacions en el per\u00edode de temps m\u00e9s curt possible.<\/p>\n<p style=\"text-align: justify;\">Els aficionats que desitgen assistir a les proves podran seguir l&#8217;acci\u00f3 dels monoplaces des de la Tribuna de Boxs del Circuit Ricardo Tormo amb acc\u00e9s gratu\u00eft.<\/p>\n","protected":false},"excerpt":{"rendered":"<p>El Circuit Ricardo Tormo celebra aquesta setmana cinc jornades d&#8217;entrenaments de j\u00f3vens pilots d&#8217;automobilisme que l&#8217;any que ve participaran en els distints campionats de F\u00f3rmula 4, F\u00f3rmula 3 i F\u00f3rmula Renault que se celebren per tot Europa. M\u00e9s de cent pilots, procedents de quatre dels cinc continents, duran a terme els entrenaments al volant dels [&hellip;]<\/p>\n","protected":false},"author":1,"featured_media":8415,"comment_status":"closed","ping_status":"open","sticky":false,"template":"","format":"standard","meta":{"_acf_changed":false,"footnotes":""},"categories":[821],"tags":[163],"class_list":["post-19836","post","type-post","status-publish","format-standard","has-post-thumbnail","hentry","category-noticias-val","tag-roberto-merhi"],"acf":[],"_links":{"self":[{"href":"https:\/\/www.circuitricardotormo.com\/ca\/wp-json\/wp\/v2\/posts\/19836","targetHints":{"allow":["GET"]}}],"collection":[{"href":"https:\/\/www.circuitricardotormo.com\/ca\/wp-json\/wp\/v2\/posts"}],"about":[{"href":"https:\/\/www.circuitricardotormo.com\/ca\/wp-json\/wp\/v2\/types\/post"}],"author":[{"embeddable":true,"href":"https:\/\/www.circuitricardotormo.com\/ca\/wp-json\/wp\/v2\/users\/1"}],"replies":[{"embeddable":true,"href":"https:\/\/www.circuitricardotormo.com\/ca\/wp-json\/wp\/v2\/comments?post=19836"}],"version-history":[{"count":0,"href":"https:\/\/www.circuitricardotormo.com\/ca\/wp-json\/wp\/v2\/posts\/19836\/revisions"}],"wp:featuredmedia":[{"embeddable":true,"href":"https:\/\/www.circuitricardotormo.com\/ca\/wp-json\/wp\/v2\/media\/8415"}],"wp:attachment":[{"href":"https:\/\/www.circuitricardotormo.com\/ca\/wp-json\/wp\/v2\/media?parent=19836"}],"wp:term":[{"taxonomy":"category","embeddable":true,"href":"https:\/\/www.circuitricardotormo.com\/ca\/wp-json\/wp\/v2\/categories?post=19836"},{"taxonomy":"post_tag","embeddable":true,"href":"https:\/\/www.circuitricardotormo.com\/ca\/wp-json\/wp\/v2\/tags?post=19836"}],"curies":[{"name":"wp","href":"https:\/\/api.w.org\/{rel}","templated":true}]}}