{"id":19847,"date":"2017-02-23T12:50:43","date_gmt":"2017-02-23T12:50:43","guid":{"rendered":"https:\/\/www.circuitricardotormo.com\/racing-legends-reunira-al-circuit-cotxes-i-motos-mitiques\/"},"modified":"2017-02-23T12:50:43","modified_gmt":"2017-02-23T12:50:43","slug":"racing-legends-reunira-al-circuit-cotxes-i-motos-mitiques","status":"publish","type":"post","link":"https:\/\/www.circuitricardotormo.com\/ca\/racing-legends-reunira-al-circuit-cotxes-i-motos-mitiques\/","title":{"rendered":"El Racing Legends reunir\u00e0 al Circuit cotxes i motos m\u00edtiques"},"content":{"rendered":"<p>El Circuit Ricardo Tormo celebrar\u00e0 el pr\u00f2xim cap de setmana, el 4 i 5 de mar\u00e7, la quarta edici\u00f3 de la seua concentraci\u00f3 de cotxes, motos i altres vehicles cl\u00e0ssics, el Racing Legends.<\/p>\n<p><a class=\"lightbox\" href=\"https:\/\/www.circuitvalencia.com\/wp-content\/uploads\/2017\/02\/cartel_RacingLegends-web.jpg\" target=\"_blank\" rel=\"noopener\"><img fetchpriority=\"high\" decoding=\"async\" class=\" wp-image-13775 alignleft\" src=\"https:\/\/www.circuitvalencia.com\/wp-content\/uploads\/2017\/02\/cartel_RacingLegends-web.jpg\" alt=\"\" width=\"263\" height=\"370\" \/><\/a><\/p>\n<p>Com cada any, el Racing Legends comptar\u00e0 amb la participaci\u00f3 d&#8217;un bon nombre de pilots que van protagonitzar les not\u00edcies dels esports del motor fa ja uns anys. En motociclisme, l&#8217;invitat especial d&#8217;aquesta quarta edici\u00f3 \u00e9s l&#8217;itali\u00e0 Marco Lucchinelli, campi\u00f3 del m\u00f3n de 500 cc en 1981 amb Suzuki. A m\u00e9s, en la pista rodaran pilots de la talla de Manuel Champi Herreros, \u00faltim campi\u00f3 del m\u00f3n de 80 cc, o Pier Paolo Bianchi, tres vegades campi\u00f3 del m\u00f3n de 125 cc; Carlos Lavado bicampi\u00f3 de 250 cc; Ramiro Blanco, campi\u00f3 d\u2019Espanya de 125cc i 250 cc; Gianfranco Bonera, Romano Colombo, Guido Guarneri i una llarga llista de pilots.<\/p>\n<p><strong>F\u00f3rmula 1<\/strong><\/p>\n<p>Com a novetat, enguany els expilots espanyols de F\u00f3rmula 1 participaran en una taula redona diumenge al migdia en qu\u00e8 es detallaran les difer\u00e8ncies entre el campionat en qu\u00e8 ells van participar en els anys setanta i huitanta i la F\u00f3rmula 1 actual. A m\u00e9s, els expilots compartiran les seues opinions sobre l&#8217;actualitat del mundial que comen\u00e7a a Austr\u00e0lia el 26 de mar\u00e7. El col\u00b7loqui ser\u00e0 dirigit pel periodista valenci\u00e0 Crist\u00f3bal Rosaleny i se celebrar\u00e0 al Circuit Lounge de la recta de meta de les instal\u00b7lacions de Cheste.<\/p>\n<p>Aix\u00ed mateix, dissabte a la vesprada, els aficionats podran assistir a la confer\u00e8ncia \u201cEl Llegat de Mar\u00eda\u201d, organitzada per la Fundaci\u00f3 Mar\u00eda de Villota en la qual el pare de la pilot madrilenya i el director de la Fundaci\u00f3 Alfonso Jim\u00e9nez tracen un recorregut amb suport audiovisual dels valors que van acompanyar la pilot en la seua vida esportiva.<br \/>\n<a class=\"lightbox\" href=\"https:\/\/www.circuitvalencia.com\/wp-content\/uploads\/2016\/03\/web-F1-Historic-Foto-Eduardo-Manzana-Classics-and-Legends-Circuit-de-la-Comunitat-Valenciana-Ricardo-Tormo-Cheste-Valencia.jpg\" target=\"_blank\" rel=\"noopener\"><img decoding=\"async\" class=\"wp-image-9880 alignright\" src=\"https:\/\/www.circuitvalencia.com\/wp-content\/uploads\/2016\/03\/web-F1-Historic-Foto-Eduardo-Manzana-Classics-and-Legends-Circuit-de-la-Comunitat-Valenciana-Ricardo-Tormo-Cheste-Valencia-1170x731.jpg\" alt=\"\" width=\"360\" height=\"225\" \/><\/a><\/p>\n<p>Les entrades estan a la venda des de deu euros en la p\u00e0gina web oficial del Circuit, els menors de 13 anys tindran acc\u00e9s lliure i comptaran amb un bon nombre d&#8217;activitats especialment enfocades als m\u00e9s menuts. Castells unflables, escola de seguretat vi\u00e0ria i altres atraccions completen l&#8217;oferta de la major concentraci\u00f3 de vehicles cl\u00e0ssics del territori valenci\u00e0.<\/p>\n<p>&nbsp;<\/p>\n","protected":false},"excerpt":{"rendered":"<p>El Circuit Ricardo Tormo celebrar\u00e0 el pr\u00f2xim cap de setmana, el 4 i 5 de mar\u00e7, la quarta edici\u00f3 de la seua concentraci\u00f3 de cotxes, motos i altres vehicles cl\u00e0ssics, el Racing Legends. Com cada any, el Racing Legends comptar\u00e0 amb la participaci\u00f3 d&#8217;un bon nombre de pilots que van protagonitzar les not\u00edcies dels esports [&hellip;]<\/p>\n","protected":false},"author":1,"featured_media":6195,"comment_status":"closed","ping_status":"open","sticky":false,"template":"","format":"standard","meta":{"_acf_changed":false,"footnotes":""},"categories":[821,820],"tags":[],"class_list":["post-19847","post","type-post","status-publish","format-standard","has-post-thumbnail","hentry","category-noticias-val","category-sin-categoria-va"],"acf":[],"_links":{"self":[{"href":"https:\/\/www.circuitricardotormo.com\/ca\/wp-json\/wp\/v2\/posts\/19847","targetHints":{"allow":["GET"]}}],"collection":[{"href":"https:\/\/www.circuitricardotormo.com\/ca\/wp-json\/wp\/v2\/posts"}],"about":[{"href":"https:\/\/www.circuitricardotormo.com\/ca\/wp-json\/wp\/v2\/types\/post"}],"author":[{"embeddable":true,"href":"https:\/\/www.circuitricardotormo.com\/ca\/wp-json\/wp\/v2\/users\/1"}],"replies":[{"embeddable":true,"href":"https:\/\/www.circuitricardotormo.com\/ca\/wp-json\/wp\/v2\/comments?post=19847"}],"version-history":[{"count":0,"href":"https:\/\/www.circuitricardotormo.com\/ca\/wp-json\/wp\/v2\/posts\/19847\/revisions"}],"wp:featuredmedia":[{"embeddable":true,"href":"https:\/\/www.circuitricardotormo.com\/ca\/wp-json\/wp\/v2\/media\/6195"}],"wp:attachment":[{"href":"https:\/\/www.circuitricardotormo.com\/ca\/wp-json\/wp\/v2\/media?parent=19847"}],"wp:term":[{"taxonomy":"category","embeddable":true,"href":"https:\/\/www.circuitricardotormo.com\/ca\/wp-json\/wp\/v2\/categories?post=19847"},{"taxonomy":"post_tag","embeddable":true,"href":"https:\/\/www.circuitricardotormo.com\/ca\/wp-json\/wp\/v2\/tags?post=19847"}],"curies":[{"name":"wp","href":"https:\/\/api.w.org\/{rel}","templated":true}]}}