{"id":19865,"date":"2017-12-05T11:39:52","date_gmt":"2017-12-05T11:39:52","guid":{"rendered":"https:\/\/www.circuitricardotormo.com\/fim-cev-repsol-2020\/"},"modified":"2017-12-05T11:39:52","modified_gmt":"2017-12-05T11:39:52","slug":"fim-cev-repsol-2020","status":"publish","type":"post","link":"https:\/\/www.circuitricardotormo.com\/ca\/fim-cev-repsol-2020\/","title":{"rendered":"FIM CEV Repsol 2020"},"content":{"rendered":"<p>El FIM CEV Repsol 2020 celebrar\u00e0 dos cites en el <strong>Circuit Ricardo Tormo.<\/strong> Els dies31 d&#8217;Octubre i 1 de Novembre, els pilots del Mundial j\u00fanior de <strong>Moto3<\/strong> i del Campionat d&#8217;Europa de <strong>Moto2<\/strong> es veuran les cares en la darrera cita de l&#8217;any. L&#8217;event es disputar\u00e0 a porta tancada per a evitar la propagaci\u00f3n del COVID-19<\/p>\n<p>Del <strong>FIM CEV Repsol<\/strong> han eixit quasi tots els millors pilots del Campionat del M\u00f3n de Motociclisme. Estreles de MotoGP com Marc M\u00e1rquez, Pol i Aleix Espargar\u00f3, Tito Rabat, Scott Redding o Bradley Smith van forjar el seu cam\u00ed a la cima en este certamen que en 2019 va tindre Jeremy Alcoba a Moto3, Edgar Pons a Moto2 i el piloto del Bressol de Campions Izan Guevara com a Campeons.<\/p>\n<table>\n<tbody>\n<tr>\n<td><strong>7 de Juli<\/strong><\/td>\n<td>Circuito do Estoril<\/td>\n<\/tr>\n<tr>\n<td><strong>14 de Juli<\/strong><\/td>\n<td>Circuito do Algarve<\/td>\n<\/tr>\n<tr>\n<td><strong>29 i 30 d&#8217;Agost<\/strong><\/td>\n<td>Circuito de Jerez \u00c1ngel Nieto<\/td>\n<\/tr>\n<tr>\n<td><strong>3 i 4 d&#8217;Octubre<\/strong><\/td>\n<td>Motorland Arag\u00f3n<\/td>\n<\/tr>\n<tr>\n<td><span style=\"color: #ff6600;\"><strong>31 d&#8217;Oct. i 1 de nov.<\/strong><\/span><\/td>\n<td><strong>CIRCUIT RICARDO TORMO<\/strong><\/td>\n<\/tr>\n<\/tbody>\n<\/table>\n<p>Horari (Pr\u00f3ximament)<\/p>\n","protected":false},"excerpt":{"rendered":"<p>El FIM CEV Repsol 2020 celebrar\u00e0 dos cites en el Circuit Ricardo Tormo. Els dies31 d&#8217;Octubre i 1 de Novembre, els pilots del Mundial j\u00fanior de Moto3 i del Campionat d&#8217;Europa de Moto2 es veuran les cares en la darrera cita de l&#8217;any. L&#8217;event es disputar\u00e0 a porta tancada per a evitar la propagaci\u00f3n del [&hellip;]<\/p>\n","protected":false},"author":1,"featured_media":10577,"comment_status":"closed","ping_status":"open","sticky":false,"template":"","format":"standard","meta":{"_acf_changed":false,"footnotes":""},"categories":[819,820],"tags":[],"class_list":["post-19865","post","type-post","status-publish","format-standard","has-post-thumbnail","hentry","category-circuit-val","category-sin-categoria-va"],"acf":[],"_links":{"self":[{"href":"https:\/\/www.circuitricardotormo.com\/ca\/wp-json\/wp\/v2\/posts\/19865","targetHints":{"allow":["GET"]}}],"collection":[{"href":"https:\/\/www.circuitricardotormo.com\/ca\/wp-json\/wp\/v2\/posts"}],"about":[{"href":"https:\/\/www.circuitricardotormo.com\/ca\/wp-json\/wp\/v2\/types\/post"}],"author":[{"embeddable":true,"href":"https:\/\/www.circuitricardotormo.com\/ca\/wp-json\/wp\/v2\/users\/1"}],"replies":[{"embeddable":true,"href":"https:\/\/www.circuitricardotormo.com\/ca\/wp-json\/wp\/v2\/comments?post=19865"}],"version-history":[{"count":0,"href":"https:\/\/www.circuitricardotormo.com\/ca\/wp-json\/wp\/v2\/posts\/19865\/revisions"}],"wp:featuredmedia":[{"embeddable":true,"href":"https:\/\/www.circuitricardotormo.com\/ca\/wp-json\/wp\/v2\/media\/10577"}],"wp:attachment":[{"href":"https:\/\/www.circuitricardotormo.com\/ca\/wp-json\/wp\/v2\/media?parent=19865"}],"wp:term":[{"taxonomy":"category","embeddable":true,"href":"https:\/\/www.circuitricardotormo.com\/ca\/wp-json\/wp\/v2\/categories?post=19865"},{"taxonomy":"post_tag","embeddable":true,"href":"https:\/\/www.circuitricardotormo.com\/ca\/wp-json\/wp\/v2\/tags?post=19865"}],"curies":[{"name":"wp","href":"https:\/\/api.w.org\/{rel}","templated":true}]}}