{"id":19871,"date":"2018-02-02T11:00:31","date_gmt":"2018-02-02T11:00:31","guid":{"rendered":"https:\/\/www.circuitricardotormo.com\/5-motius-per-vindre-al-racing-legends\/"},"modified":"2018-02-02T11:00:31","modified_gmt":"2018-02-02T11:00:31","slug":"5-motius-per-vindre-al-racing-legends","status":"publish","type":"post","link":"https:\/\/www.circuitricardotormo.com\/ca\/5-motius-per-vindre-al-racing-legends\/","title":{"rendered":"5 motius per a vindre al Racing Legends"},"content":{"rendered":"<p>El <strong>Racing Legends<\/strong> \u00e9s la reuni\u00f3 de vehicles cl\u00e0ssics del Circuit Ricardo Tormo. Els dies 3 i 4 de mar\u00e7 el paddock del Circuit retrocedir\u00e0 diverses d\u00e8cades per a poder disfrutar dels cotxes cl\u00e0ssics i les motos cl\u00e0ssiques que tots recordem des del punt de vista esportiu i tamb\u00e9 des del costat m\u00e9s popular.<\/p>\n<h3>#1 Record a Lois<\/h3>\n<p><a class=\"lightbox\" href=\"https:\/\/www.circuitvalencia.com\/wp-content\/uploads\/2018\/02\/Campos-87-f1-monaco-1.jpg\" target=\"_blank\" rel=\"noopener\"><img fetchpriority=\"high\" decoding=\"async\" class=\"wp-image-16994 aligncenter\" src=\"https:\/\/www.circuitvalencia.com\/wp-content\/uploads\/2018\/02\/Campos-87-f1-monaco-1.jpg\" alt=\"\" width=\"809\" height=\"392\" \/><\/a>La marca valenciana de moda Lois va viure en els huitanta i els noranta una explosi\u00f3 molt destacada, en aquells anys el bou va ser part de la imatge del motor valenci\u00e0 i espanyol. Sobretot en automobilisme, per\u00f2 tamb\u00e9 en motociclisme, una infinitat de pilots van lluir la imatge de la marca. Enguany el Circuit Ricardo Tormo homenatjar\u00e0 Vicente S\u00e1ez Merino i Lois per tot el suport que va prestar al m\u00f3n del motor.<\/p>\n<p>Una reuni\u00f3 de cotxes i records, l&#8217;edici\u00f3 d&#8217;una camiseta commemorativa i la cita amb els pilots de l&#8217;\u00e8poca ser\u00e0 un dels moments m\u00e9s nost\u00e0lgics del cap de setmana<\/p>\n<h3>#2 Carlos Lavado<\/h3>\n<p><a class=\"lightbox\" href=\"https:\/\/www.circuitvalencia.com\/wp-content\/uploads\/2018\/02\/Carlos_Lavado.jpg\" target=\"_blank\" rel=\"noopener\"><img decoding=\"async\" class=\" wp-image-16997 alignleft\" src=\"https:\/\/www.circuitvalencia.com\/wp-content\/uploads\/2018\/02\/Carlos_Lavado.jpg\" alt=\"\" width=\"267\" height=\"185\" \/><\/a>El pilot vene\u00e7ol\u00e0 va ser Campi\u00f3 del M\u00f3n de motociclisme en la categoria de 250cc en 1983 i 1986. 137 Grans Premis i 42 podis mundialistes fan del pilot de Caracas un dels m\u00e9s grans pilots sud-americans de la hist\u00f2ria. Lavado \u00e9s a m\u00e9s recordat per la seua personalitat oberta i bromista. Un pilot que mant\u00e9 moltes amistats al paddock i que ser\u00e0 recordat en el tradicional <strong>Trofeu Paco Gonz\u00e1lez<\/strong>.<\/p>\n<p>Lavado tornar\u00e0 a pujar-se a la seua Yamaha groga amb els logos de HB i compartir\u00e0 pista amb els pilots habituals del Racing Legends als comandaments de les Bultaco, les Cagiva, les Ossa o les Derbi que cada any recorden anys daurats del motociclisme.<a class=\"lightbox\" href=\"https:\/\/www.circuitvalencia.com\/wp-content\/uploads\/2018\/02\/Carlos_Lavado.jpg\" target=\"_blank\" rel=\"noopener\"><br \/>\n<\/a><\/p>\n<h3>#3 Activitats infantils<\/h3>\n<p>El Racing Legends \u00e9s un event per a tota la fam\u00edlia. Els m\u00e9s majors recordaran els cotxes, motos, bicis i camions de la seua joventut. Per la seua banda els m\u00e9s menuts de la fam\u00edlia tindran l&#8217;oportunitat de veure per primera vegada cl\u00e0ssics populars que circulaven pels carrers fa 25 anys o m\u00e9s. Des de Seat 600 fins a Mini Cooper originals, des de Cl\u00e0ssics esportius fins als participants de la concentraci\u00f3 de camions.<br \/>\n<a class=\"lightbox\" href=\"https:\/\/www.circuitvalencia.com\/wp-content\/uploads\/2016\/03\/Castillo-Hinchable.jpg\" target=\"_blank\" rel=\"noopener\"><img decoding=\"async\" class=\"wp-image-10036 alignright\" src=\"https:\/\/www.circuitvalencia.com\/wp-content\/uploads\/2016\/03\/Castillo-Hinchable-1170x731.jpg\" alt=\"Castillos hinchables en el Circuit Ricardo Tormo\" width=\"400\" height=\"250\" \/><\/a><\/p>\n<p>A m\u00e9s, junt amb el Paddock bar una zona l\u00fadica amb castells unflables i una ludoteca amb monitors titulats que organitzaran activitats per als xiquets i les xiquetes que assistisquen a l&#8217;esdeveniment. Per la seua banda l&#8217;<a href=\"https:\/\/www.circuitvalencia.com\/escola-de-seguretat-viaria\/?lang=va\" target=\"_blank\" rel=\"noopener\"><strong>escola de Seguretat Vi\u00e0ria<\/strong><\/a> tamb\u00e9 oferir\u00e0 els seus servicis perqu\u00e8 els futurs conductors es vagen conscienciant de les dificultats de la conducci\u00f3.<\/p>\n<h3>#4 Vine amb el teu vehicle<\/h3>\n<p>Enguany els aficionats que es vullguen convertir en expositors ho tenen m\u00e9s f\u00e0cil que mai. Nom\u00e9s han d&#8217;omplir el corresponent formulari i portar la seua moto cl\u00e0ssica o el seu cotxe de m\u00e9s de 25 anys. A m\u00e9s de l&#8217;espai, la seua entrada tamb\u00e9 ser\u00e0 gratu\u00efta.<\/p>\n<p>M\u00e9s de mil vehicles cl\u00e0ssics es reuniran en el paddock de Cheste. Motos, cotxes i camions, tant els m\u00e9s esportius com els m\u00e9s populars dels anys 50, 60, 70 i 80 serviran de lli\u00e7\u00f3 d&#8217;hist\u00f2ria per als m\u00e9s j\u00f3vens i com a record per als d&#8217;edats m\u00e9s avan\u00e7ades. A m\u00e9s dels vehicles de motor, les bicicletes, els tricicles i altres artefactes ompliran d&#8217;activitat cl\u00e0ssica el paddock del Racing Legends 2018.<\/p>\n<h3>#5 La hist\u00f2ria de Laverda<\/h3>\n<p><a class=\"lightbox\" href=\"https:\/\/www.circuitvalencia.com\/wp-content\/uploads\/2018\/02\/logo_laverda.gif\" target=\"_blank\" rel=\"noopener\"><img loading=\"lazy\" decoding=\"async\" class=\"size-full wp-image-16991 alignleft\" src=\"https:\/\/www.circuitvalencia.com\/wp-content\/uploads\/2018\/02\/logo_laverda.gif\" alt=\"Laverda en el Racing Legends\" width=\"227\" height=\"227\" \/><\/a>La m\u00edtica firma italiana presentar\u00e0 el llibre que explica els avatars d&#8217;una marca que va ser fundeu per l&#8217;itali\u00e0 Fracesco Laverda en 1949. La marca estar\u00e0 representada al Racing Legends 2018 amb el <strong>Team Laverda Official<\/strong> Factory amb l&#8217;espectacular 1000 V-6 cilindres. A m\u00e9s es presentar\u00e0 el llibre de la fabulosa hist\u00f2ria d&#8217;esta motocicleta &#8220;La Formula 1 el seu due Ruote&#8221;<\/p>\n<p><a href=\"https:\/\/www.circuitvalencia.com\/horario-racing-legends-2018\/\" target=\"_blank\" rel=\"noopener\">En l&#8217;horari del Racing Legends trobar\u00e0s m\u00e9s detalls<\/a><\/p>\n","protected":false},"excerpt":{"rendered":"<p>El Racing Legends \u00e9s la reuni\u00f3 de vehicles cl\u00e0ssics del Circuit Ricardo Tormo. Els dies 3 i 4 de mar\u00e7 el paddock del Circuit retrocedir\u00e0 diverses d\u00e8cades per a poder disfrutar dels cotxes cl\u00e0ssics i les motos cl\u00e0ssiques que tots recordem des del punt de vista esportiu i tamb\u00e9 des del costat m\u00e9s popular. #1 [&hellip;]<\/p>\n","protected":false},"author":1,"featured_media":10531,"comment_status":"closed","ping_status":"open","sticky":false,"template":"","format":"standard","meta":{"_acf_changed":false,"footnotes":""},"categories":[819,821,820],"tags":[],"class_list":["post-19871","post","type-post","status-publish","format-standard","has-post-thumbnail","hentry","category-circuit-val","category-noticias-val","category-sin-categoria-va"],"acf":[],"_links":{"self":[{"href":"https:\/\/www.circuitricardotormo.com\/ca\/wp-json\/wp\/v2\/posts\/19871","targetHints":{"allow":["GET"]}}],"collection":[{"href":"https:\/\/www.circuitricardotormo.com\/ca\/wp-json\/wp\/v2\/posts"}],"about":[{"href":"https:\/\/www.circuitricardotormo.com\/ca\/wp-json\/wp\/v2\/types\/post"}],"author":[{"embeddable":true,"href":"https:\/\/www.circuitricardotormo.com\/ca\/wp-json\/wp\/v2\/users\/1"}],"replies":[{"embeddable":true,"href":"https:\/\/www.circuitricardotormo.com\/ca\/wp-json\/wp\/v2\/comments?post=19871"}],"version-history":[{"count":0,"href":"https:\/\/www.circuitricardotormo.com\/ca\/wp-json\/wp\/v2\/posts\/19871\/revisions"}],"wp:featuredmedia":[{"embeddable":true,"href":"https:\/\/www.circuitricardotormo.com\/ca\/wp-json\/wp\/v2\/media\/10531"}],"wp:attachment":[{"href":"https:\/\/www.circuitricardotormo.com\/ca\/wp-json\/wp\/v2\/media?parent=19871"}],"wp:term":[{"taxonomy":"category","embeddable":true,"href":"https:\/\/www.circuitricardotormo.com\/ca\/wp-json\/wp\/v2\/categories?post=19871"},{"taxonomy":"post_tag","embeddable":true,"href":"https:\/\/www.circuitricardotormo.com\/ca\/wp-json\/wp\/v2\/tags?post=19871"}],"curies":[{"name":"wp","href":"https:\/\/api.w.org\/{rel}","templated":true}]}}