{"id":19872,"date":"2018-02-05T09:48:44","date_gmt":"2018-02-05T09:48:44","guid":{"rendered":"https:\/\/www.circuitricardotormo.com\/test-moto2-i-moto3\/"},"modified":"2018-02-05T09:48:44","modified_gmt":"2018-02-05T09:48:44","slug":"test-moto2-i-moto3","status":"publish","type":"post","link":"https:\/\/www.circuitricardotormo.com\/ca\/test-moto2-i-moto3\/","title":{"rendered":"Test Moto2 i Moto3"},"content":{"rendered":"<p>El <strong>Circuit Ricardo Tormo<\/strong> celebrar\u00e0 des del dimarts 6 de febrer fins al dijous 8 els primers entrenaments col\u00b7lectius d&#8217;hivern per als pilots del Campionat del M\u00f3n de Motociclisme en les seues categories de <strong>Moto2<\/strong> i de <strong>Moto3<\/strong>.<\/p>\n<p><img fetchpriority=\"high\" decoding=\"async\" class=\"wp-image-13795 alignleft\" src=\"https:\/\/www.circuitvalencia.com\/wp-content\/uploads\/2017\/02\/Jorge-Navarro-presentacion-Gresini-Moto2.jpg\" alt=\"\" width=\"335\" height=\"223\" \/><\/p>\n<p>La passada setmana els pilots de MotoGP van tindre l&#8217;oportunitat de comen\u00e7ar la pretemporada en el circuit de Sepang a Mal\u00e0isia i aquesta setmana els pilots de les categories xicotetes han triat el Circuit de <strong>Val\u00e8ncia<\/strong> per a tornar a l&#8217;acci\u00f3 de cara a la temporada 2018, que comen\u00e7ar\u00e0 el 18 de mar\u00e7 a Qatar.<\/p>\n<p>Un total de <strong>26 pilots<\/strong> de Moto2 i altres 14 de Moto3 han anunciat la seua participaci\u00f3 en aquests primers entrenaments, que seran oberts al p\u00fablic. Els aficionats tindran l&#8217;oportunitat de seguir les evolucions dels pilots des de la tribuna de boxes els tres dies, des de les 10 fins a les 17 hores.<\/p>\n<p>Els valencians Jorge Navarro i H\u00e9ctor Barber\u00e1 seran els protagonistes locals en la categoria interm\u00e8dia. Navarro repeteix als comandaments de la Kalex de Gresini i Barber\u00e1 amb la de l&#8217;equip capitanejat per Sito Pons. El pilot de Dos Aguas (Val\u00e8ncia) torna a la categoria interm\u00e8dia per la qual va passar des de 2005 fins a 2009 i en la que va aconseguir ser subcampi\u00f3 del m\u00f3n. El guanyador del Gran Premi de la Comunitat Valenciana, Miguel Oliveira (KTM), ser\u00e0 un altre dels favorits en competici\u00f3 junt amb Brad Binder (KTM), Romano Fenati (Kalex), Dominique Aegerter (KTM), Xavi Vierge (Suter) o Isaac Vi\u00f1ales (Kalex), entre d&#8217;altres.<\/p>\n<p><a class=\"lightbox\" href=\"https:\/\/www.circuitvalencia.com\/wp-content\/uploads\/2017\/05\/canet-podium-jerez.jpg\" target=\"_blank\" rel=\"noopener\"><img decoding=\"async\" class=\"wp-image-14587 alignright\" src=\"https:\/\/www.circuitvalencia.com\/wp-content\/uploads\/2017\/05\/canet-podium-jerez-1170x731.jpg\" alt=\"\" width=\"483\" height=\"302\" \/><\/a><\/p>\n<p>En <strong>Moto3<\/strong>, el pilot de Corbera (Val\u00e8ncia), Ar\u00f3n Canet (Honda), tornar\u00e0 a l&#8217;acci\u00f3 junt amb el seu nou company de box en l&#8217;equip Estrella Galicia 0,0, Alonso L\u00f3pez. Gabriel Rodrigo (KTM), Livi Loi (KTM), el guanyador del Gran Premi de la Comunitat Valenciana Jorge Mart\u00edn (Honda), i els pilots del renovat equip valenci\u00e0 Angel Nieto Team, Andrea Migno (KTM) i Albert Arenas (KTM), seran tamb\u00e9 de la partida entre altres.<\/p>\n","protected":false},"excerpt":{"rendered":"<p>El Circuit Ricardo Tormo celebrar\u00e0 des del dimarts 6 de febrer fins al dijous 8 els primers entrenaments col\u00b7lectius d&#8217;hivern per als pilots del Campionat del M\u00f3n de Motociclisme en les seues categories de Moto2 i de Moto3. La passada setmana els pilots de MotoGP van tindre l&#8217;oportunitat de comen\u00e7ar la pretemporada en el circuit [&hellip;]<\/p>\n","protected":false},"author":1,"featured_media":10520,"comment_status":"closed","ping_status":"open","sticky":false,"template":"","format":"standard","meta":{"_acf_changed":false,"footnotes":""},"categories":[819,821],"tags":[175],"class_list":["post-19872","post","type-post","status-publish","format-standard","has-post-thumbnail","hentry","category-circuit-val","category-noticias-val","tag-moto3"],"acf":[],"_links":{"self":[{"href":"https:\/\/www.circuitricardotormo.com\/ca\/wp-json\/wp\/v2\/posts\/19872","targetHints":{"allow":["GET"]}}],"collection":[{"href":"https:\/\/www.circuitricardotormo.com\/ca\/wp-json\/wp\/v2\/posts"}],"about":[{"href":"https:\/\/www.circuitricardotormo.com\/ca\/wp-json\/wp\/v2\/types\/post"}],"author":[{"embeddable":true,"href":"https:\/\/www.circuitricardotormo.com\/ca\/wp-json\/wp\/v2\/users\/1"}],"replies":[{"embeddable":true,"href":"https:\/\/www.circuitricardotormo.com\/ca\/wp-json\/wp\/v2\/comments?post=19872"}],"version-history":[{"count":0,"href":"https:\/\/www.circuitricardotormo.com\/ca\/wp-json\/wp\/v2\/posts\/19872\/revisions"}],"wp:featuredmedia":[{"embeddable":true,"href":"https:\/\/www.circuitricardotormo.com\/ca\/wp-json\/wp\/v2\/media\/10520"}],"wp:attachment":[{"href":"https:\/\/www.circuitricardotormo.com\/ca\/wp-json\/wp\/v2\/media?parent=19872"}],"wp:term":[{"taxonomy":"category","embeddable":true,"href":"https:\/\/www.circuitricardotormo.com\/ca\/wp-json\/wp\/v2\/categories?post=19872"},{"taxonomy":"post_tag","embeddable":true,"href":"https:\/\/www.circuitricardotormo.com\/ca\/wp-json\/wp\/v2\/tags?post=19872"}],"curies":[{"name":"wp","href":"https:\/\/api.w.org\/{rel}","templated":true}]}}