{"id":19875,"date":"2018-03-01T12:29:08","date_gmt":"2018-03-01T12:29:08","guid":{"rendered":"https:\/\/www.circuitricardotormo.com\/circuit-celebra-aquest-cap-setmana-la-seua-gran-concentracio-vehicles-classics\/"},"modified":"2018-03-01T12:29:08","modified_gmt":"2018-03-01T12:29:08","slug":"circuit-celebra-aquest-cap-setmana-la-seua-gran-concentracio-vehicles-classics","status":"publish","type":"post","link":"https:\/\/www.circuitricardotormo.com\/ca\/circuit-celebra-aquest-cap-setmana-la-seua-gran-concentracio-vehicles-classics\/","title":{"rendered":"El Circuit celebra aquest cap de setmana la seua gran concentraci\u00f3 de vehicles cl\u00e0ssics"},"content":{"rendered":"<p>El Circuit Ricardo Tormo celebra aquest cap de setmana la concentraci\u00f3 m\u00e9s gran de vehicles cl\u00e0ssics que hi ha al territori valenci\u00e0, el Racing Legends. Cotxes d&#8217;\u00e8poca, motos anteriors a 1993, camions cl\u00e0ssics i fins i tot bicicletes antigues es mostraran al &#8216;paddock&#8217; de Cheste.<\/p>\n<p>Les entrades estan a la venda en\u00a0<a href=\"https:\/\/www.circuitvalencia.com\/\" target=\"_blank\" rel=\"noopener\">la p\u00e0gina web del Circuit<\/a>\u00a0i a les taquilles del Circuit des del dissabte a les 9 hores. Els menors de 13 anys no paguen entrada<\/p>\n<p><a class=\"lightbox\" href=\"https:\/\/www.circuitvalencia.com\/wp-content\/uploads\/2017\/12\/web-Racing-Legends-Marzo-2017.jpg\" target=\"_blank\" rel=\"noopener\"><img fetchpriority=\"high\" decoding=\"async\" class=\" wp-image-16677 alignright\" src=\"https:\/\/www.circuitvalencia.com\/wp-content\/uploads\/2017\/12\/web-Racing-Legends-Marzo-2017-1170x731.jpg\" alt=\"\" width=\"400\" height=\"250\" \/><\/a>L&#8217;estrella invitada del cap de setmana ser\u00e0 el vene\u00e7ol\u00e0 Carlos Lavado. El pilot, que va aconseguir per a Yamaha dos t\u00edtols mundials de 250cc en els anys 1983 i 1986, rodar\u00e0 amb la moto que el va fer campi\u00f3. Junt amb ell, altres pilots m\u00edtics com Carlos Card\u00fas, Pier Paolo Bianchi, Manuel Champi Herreros, Jos\u00e9 Mar\u00eda Busquets, Roland Freymond, Patrick Plisson, Peter Balaz, Gianfranco Bonera o Paco Rom\u00e1n.<\/p>\n<p>I, a m\u00e9s, motos m\u00edtiques com les 8 MV Agusta del seu equip oficial dels anys 50 i 60, el Team Laverda Official Factory, la Cagiva 500cc, les Honda NSR que van pilotar estrelles com Lucca Cadalora i Freddie Spencer, les primeres Ducati de MotoGP de Capirossi i Try Bayliss i moltes altres motos hist\u00f2riques.<\/p>\n<p>Norton celebrar\u00e0 tamb\u00e9 el 50 aniversari d&#8217;una moto de llegenda com \u00e9s la Norton Commando. Entre els cl\u00e0ssics populars destaca l&#8217;aniversari del Vespino, que exposar\u00e0 al &#8216;paddock&#8217; de Cheste diversos models d&#8217;aquest ciclomotor que va comen\u00e7ar a fabricar-se en 1968.<\/p>\n<p><strong><a class=\"lightbox\" href=\"https:\/\/www.circuitvalencia.com\/wp-content\/uploads\/2017\/12\/Cartel-Racing-Legends-2018-Lois-web.jpg\" target=\"_blank\" rel=\"noopener\"><img decoding=\"async\" class=\"wp-image-16658 alignleft\" src=\"https:\/\/www.circuitvalencia.com\/wp-content\/uploads\/2017\/12\/Cartel-Racing-Legends-2018-Lois-web.jpg\" alt=\"\" width=\"344\" height=\"475\" \/><\/a>Lois i les carreres de cotxes<\/strong><\/p>\n<p>La firma valenciana de roba Lois va patrocinar una infinitat d&#8217;equips i pilots des dels 80 fins ben entrada la primera d\u00e8cada d&#8217;aquest segle. La seua relaci\u00f3 amb l&#8217;automobilisme esportiu ser\u00e0 recordada en un acte que tindr\u00e0 lloc el diumenge al migdia en els boxs del Circuit Ricardo Tormo.<\/p>\n<p>Els pilots, mec\u00e0nics, periodistes i responsables dels equips de l&#8217;\u00e8poca es reuniran per a recordar les carreres que van celebrar amb els colors negre i groc i el bou de Lois en els seus dissenys. Els expilots de F\u00f3rmula 1 Adri\u00e1n Campos i Luis P\u00e9rez Sala, i l&#8217;aleshores tamb\u00e9 pilot i responsable de la marca, Vicente S\u00e1ez Merino, seran alguns dels participants en aquest homenatge..<strong><a href=\"https:\/\/www.circuitvalencia.com\/horario-racing-legends-2018\/\" target=\"_blank\" rel=\"noopener\">Horari del Racing Legends 2018 3 i 4 de mar\u00e7<\/a><\/strong><\/p>\n","protected":false},"excerpt":{"rendered":"<p>El Circuit Ricardo Tormo celebra aquest cap de setmana la concentraci\u00f3 m\u00e9s gran de vehicles cl\u00e0ssics que hi ha al territori valenci\u00e0, el Racing Legends. Cotxes d&#8217;\u00e8poca, motos anteriors a 1993, camions cl\u00e0ssics i fins i tot bicicletes antigues es mostraran al &#8216;paddock&#8217; de Cheste. Les entrades estan a la venda en\u00a0la p\u00e0gina web del [&hellip;]<\/p>\n","protected":false},"author":1,"featured_media":10889,"comment_status":"closed","ping_status":"open","sticky":false,"template":"","format":"standard","meta":{"_acf_changed":false,"footnotes":""},"categories":[820],"tags":[],"class_list":["post-19875","post","type-post","status-publish","format-standard","has-post-thumbnail","hentry","category-sin-categoria-va"],"acf":[],"_links":{"self":[{"href":"https:\/\/www.circuitricardotormo.com\/ca\/wp-json\/wp\/v2\/posts\/19875","targetHints":{"allow":["GET"]}}],"collection":[{"href":"https:\/\/www.circuitricardotormo.com\/ca\/wp-json\/wp\/v2\/posts"}],"about":[{"href":"https:\/\/www.circuitricardotormo.com\/ca\/wp-json\/wp\/v2\/types\/post"}],"author":[{"embeddable":true,"href":"https:\/\/www.circuitricardotormo.com\/ca\/wp-json\/wp\/v2\/users\/1"}],"replies":[{"embeddable":true,"href":"https:\/\/www.circuitricardotormo.com\/ca\/wp-json\/wp\/v2\/comments?post=19875"}],"version-history":[{"count":0,"href":"https:\/\/www.circuitricardotormo.com\/ca\/wp-json\/wp\/v2\/posts\/19875\/revisions"}],"wp:featuredmedia":[{"embeddable":true,"href":"https:\/\/www.circuitricardotormo.com\/ca\/wp-json\/wp\/v2\/media\/10889"}],"wp:attachment":[{"href":"https:\/\/www.circuitricardotormo.com\/ca\/wp-json\/wp\/v2\/media?parent=19875"}],"wp:term":[{"taxonomy":"category","embeddable":true,"href":"https:\/\/www.circuitricardotormo.com\/ca\/wp-json\/wp\/v2\/categories?post=19875"},{"taxonomy":"post_tag","embeddable":true,"href":"https:\/\/www.circuitricardotormo.com\/ca\/wp-json\/wp\/v2\/tags?post=19875"}],"curies":[{"name":"wp","href":"https:\/\/api.w.org\/{rel}","templated":true}]}}