{"id":19886,"date":"2018-06-22T10:30:48","date_gmt":"2018-06-22T10:30:48","guid":{"rendered":"https:\/\/www.circuitricardotormo.com\/circuit-ricardo-tormo-celebra-aquest-cap-setmana-la-segona-cita-la-formula-4-i-la-clio-cup\/"},"modified":"2018-06-22T10:30:48","modified_gmt":"2018-06-22T10:30:48","slug":"circuit-ricardo-tormo-celebra-aquest-cap-setmana-la-segona-cita-la-formula-4-i-la-clio-cup","status":"publish","type":"post","link":"https:\/\/www.circuitricardotormo.com\/ca\/circuit-ricardo-tormo-celebra-aquest-cap-setmana-la-segona-cita-la-formula-4-i-la-clio-cup\/","title":{"rendered":"El Circuit Ricardo Tormo celebra aquest cap de setmana la segona cita de la F\u00f3rmula 4 i la Clio Cup"},"content":{"rendered":"<p>El Circuit Ricardo Tormo celebra aquest cap de setmana, 23 i 24 de juny, la seua primera cita de l&#8217;estiu. Es tracta de les carreres del Campionat d&#8217;Espanya de F\u00f3rmula 4 i la Clio Cup, que reuneix a Cheste les competicions d&#8217;Espanya i Fran\u00e7a.<\/p>\n<p>Es tracta d&#8217;un cap de setmana en qu\u00e8 els aficionats a l&#8217;automobilisme tindran l&#8217;oportunitat d&#8217;accedir amb entrada lliure a la tribuna de boxs i al &#8216;paddock&#8217; del Circuit Ricardo Tormo.<\/p>\n<p>L&#8217;activitat comen\u00e7ar\u00e0 el divendres amb les verificacions t\u00e8cniques i administratives i les reunions pr\u00e8vies amb els pilots. Durant la jornada tindran lloc els entrenaments col\u00b7lectius tant dels monoplaces del Campionat d&#8217;Espanya de F\u00f3rmula 4, que entrenaran al mat\u00ed, com dels Renault Clio, que tindran el seu torn a partir de les 14 hores i fins a les 18.<\/p>\n<p><a class=\"lightbox\" href=\"https:\/\/clonecircuit.wpengine.com\/wp-content\/uploads\/2018\/06\/Horario-F4-y-Clio-Cup-Circuit-Ricardo-Tormo.jpg\" target=\"_blank\" rel=\"noopener\"><img fetchpriority=\"high\" decoding=\"async\" class=\"wp-image-18821  alignleft\" src=\"https:\/\/clonecircuit.wpengine.com\/wp-content\/uploads\/2018\/06\/Horario-F4-y-Clio-Cup-Circuit-Ricardo-Tormo.jpg\" alt=\"\" width=\"473\" height=\"616\" \/><\/a><br \/>\nEl dissabte tindran lloc al tra\u00e7at de Cheste els entrenaments lliures i cronometrats, i, ja a la vesprada, les primeres carreres del cap de setmana, que comen\u00e7aran a les 15.30 hores per als pilots de la Clio Cup i a les 16.20 hores la cita de la F\u00f3rmula 4.<\/p>\n<p>El diumenge, despr\u00e9s dels segons cronometrats, es disputaran tres carreres: a les 12.00, la de F\u00f3rmula 4; a les 13.30, la segona m\u00e0nega de la Copa Clio, i a les 14.15 hores, la carrera final del Campionat d&#8217;Espanya de F\u00f3rmula 4.<\/p>\n<p><b>F\u00f3rmula de Campions<\/b><\/p>\n<p>L&#8217;equip escola del Circuit, la F\u00f3rmula de Campions, posar\u00e0 a la pista un monopla\u00e7a de F\u00f3rmula 4 en la temporada que serveix de prova per al llan\u00e7ament del seu nou equip en la categoria. El pilot txec Petr Ptacek, que alterna la seua participaci\u00f3 amb el campionat itali\u00e0 d&#8217;F4, \u00e9s el pilot triat per a aquesta primera temporada.<\/p>\n<p>La idea darrere d&#8217;aquest ambici\u00f3s projecte \u00e9s poder oferir als pilots de l&#8217;escola i de l&#8217;equip de k\u00e0rting la possibilitat d&#8217;accedir als monoplaces quan estiguen preparats. Els m\u00e9s velo\u00e7os pujaran als f\u00f3rmules per a competir i mostrar les seues qualitats als equips de categories superiors.<\/p>\n","protected":false},"excerpt":{"rendered":"<p>El Circuit Ricardo Tormo celebra aquest cap de setmana, 23 i 24 de juny, la seua primera cita de l&#8217;estiu. Es tracta de les carreres del Campionat d&#8217;Espanya de F\u00f3rmula 4 i la Clio Cup, que reuneix a Cheste les competicions d&#8217;Espanya i Fran\u00e7a. Es tracta d&#8217;un cap de setmana en qu\u00e8 els aficionats a [&hellip;]<\/p>\n","protected":false},"author":1,"featured_media":11333,"comment_status":"closed","ping_status":"open","sticky":false,"template":"","format":"standard","meta":{"_acf_changed":false,"footnotes":""},"categories":[821],"tags":[],"class_list":["post-19886","post","type-post","status-publish","format-standard","has-post-thumbnail","hentry","category-noticias-val"],"acf":[],"_links":{"self":[{"href":"https:\/\/www.circuitricardotormo.com\/ca\/wp-json\/wp\/v2\/posts\/19886","targetHints":{"allow":["GET"]}}],"collection":[{"href":"https:\/\/www.circuitricardotormo.com\/ca\/wp-json\/wp\/v2\/posts"}],"about":[{"href":"https:\/\/www.circuitricardotormo.com\/ca\/wp-json\/wp\/v2\/types\/post"}],"author":[{"embeddable":true,"href":"https:\/\/www.circuitricardotormo.com\/ca\/wp-json\/wp\/v2\/users\/1"}],"replies":[{"embeddable":true,"href":"https:\/\/www.circuitricardotormo.com\/ca\/wp-json\/wp\/v2\/comments?post=19886"}],"version-history":[{"count":0,"href":"https:\/\/www.circuitricardotormo.com\/ca\/wp-json\/wp\/v2\/posts\/19886\/revisions"}],"wp:featuredmedia":[{"embeddable":true,"href":"https:\/\/www.circuitricardotormo.com\/ca\/wp-json\/wp\/v2\/media\/11333"}],"wp:attachment":[{"href":"https:\/\/www.circuitricardotormo.com\/ca\/wp-json\/wp\/v2\/media?parent=19886"}],"wp:term":[{"taxonomy":"category","embeddable":true,"href":"https:\/\/www.circuitricardotormo.com\/ca\/wp-json\/wp\/v2\/categories?post=19886"},{"taxonomy":"post_tag","embeddable":true,"href":"https:\/\/www.circuitricardotormo.com\/ca\/wp-json\/wp\/v2\/tags?post=19886"}],"curies":[{"name":"wp","href":"https:\/\/api.w.org\/{rel}","templated":true}]}}