{"id":19891,"date":"2018-07-12T13:30:41","date_gmt":"2018-07-12T13:30:41","guid":{"rendered":"https:\/\/www.circuitricardotormo.com\/circuit-celebra-i-gran-premi-valencia-ciclisme-adaptat\/"},"modified":"2018-07-12T13:30:41","modified_gmt":"2018-07-12T13:30:41","slug":"circuit-celebra-i-gran-premi-valencia-ciclisme-adaptat","status":"publish","type":"post","link":"https:\/\/www.circuitricardotormo.com\/ca\/circuit-celebra-i-gran-premi-valencia-ciclisme-adaptat\/","title":{"rendered":"El Circuit celebra el I Gran Premi de Val\u00e8ncia de ciclisme adaptat"},"content":{"rendered":"<p>El <strong>Circuit Ricardo Tormo<\/strong> celebra el dissabte 14 de juliol la cinquena prova de la Copa d&#8217;Espanya de Ciclisme Adaptat en Carretera, el <strong>I Gran Premi de Val\u00e8ncia.\u00a0<\/strong><\/p>\n<p>Es tracta de la cinquena de les nou cites que componen el calendari d&#8217;aquest campionat nacional de ciclisme adaptat. En la seua primera visita a les instal\u00b7lacions mundialistes de Cheste ja s&#8217;ha batut el r\u00e8cord d&#8217;inscripcions de la temporada.<\/p>\n<p>Prop de cent ciclistes de les diferents modalitats estaran en la partida en un esdeveniment que compta amb l&#8217;organitzaci\u00f3 del projecte &#8220;Unlimited Wheels&#8221; el qual compta amb el suport de la <strong>Fundaci\u00f3 Trinidad Alfonso.\u00a0<\/strong><\/p>\n<p>El programa de competici\u00f3 es desenvolupar\u00e0 durant el mat\u00ed del dissabte 14 de juliol. La primera eixida tindr\u00e0 lloc a les 9 hores davall del sem\u00e0for de la recta de meta del Circuit per a les modalitats de &#8216;handbike&#8217; i tricicles. Posteriorment, a partir de les 10.45 hores arribar\u00e0 el torn de bicicletes i t\u00e0ndems. L&#8217;activitat finalitzar\u00e0 amb el lliurament de premis en el p\u00f2dium del <strong>Circuit Ricardo Tormo<\/strong> al voltant de les 13 hores.<\/p>\n<p>Es tracta de la segona temporada en la qual el Circuit \u00e9s l&#8217;escenari d&#8217;una competici\u00f3 de ciclisme adaptat i la primera en la qual forma part del calendari nacional d&#8217;aquest tipus de proves.<\/p>\n<p>&nbsp;<\/p>\n<p><a class=\"lightbox\" href=\"https:\/\/clonecircuit.wpengine.com\/wp-content\/uploads\/2018\/07\/Cartel-oficial-Ciclismo-adaptado.jpg\" target=\"_blank\" rel=\"noopener\"><img fetchpriority=\"high\" decoding=\"async\" class=\"wp-image-19019 size-full aligncenter\" src=\"https:\/\/clonecircuit.wpengine.com\/wp-content\/uploads\/2018\/07\/Cartel-oficial-Ciclismo-adaptado.jpg\" alt=\"\" width=\"2480\" height=\"3508\" \/><\/a><\/p>\n","protected":false},"excerpt":{"rendered":"<p>El Circuit Ricardo Tormo celebra el dissabte 14 de juliol la cinquena prova de la Copa d&#8217;Espanya de Ciclisme Adaptat en Carretera, el I Gran Premi de Val\u00e8ncia.\u00a0 Es tracta de la cinquena de les nou cites que componen el calendari d&#8217;aquest campionat nacional de ciclisme adaptat. En la seua primera visita a les instal\u00b7lacions [&hellip;]<\/p>\n","protected":false},"author":1,"featured_media":11490,"comment_status":"closed","ping_status":"open","sticky":false,"template":"","format":"standard","meta":{"_acf_changed":false,"footnotes":""},"categories":[821,820],"tags":[],"class_list":["post-19891","post","type-post","status-publish","format-standard","has-post-thumbnail","hentry","category-noticias-val","category-sin-categoria-va"],"acf":[],"_links":{"self":[{"href":"https:\/\/www.circuitricardotormo.com\/ca\/wp-json\/wp\/v2\/posts\/19891","targetHints":{"allow":["GET"]}}],"collection":[{"href":"https:\/\/www.circuitricardotormo.com\/ca\/wp-json\/wp\/v2\/posts"}],"about":[{"href":"https:\/\/www.circuitricardotormo.com\/ca\/wp-json\/wp\/v2\/types\/post"}],"author":[{"embeddable":true,"href":"https:\/\/www.circuitricardotormo.com\/ca\/wp-json\/wp\/v2\/users\/1"}],"replies":[{"embeddable":true,"href":"https:\/\/www.circuitricardotormo.com\/ca\/wp-json\/wp\/v2\/comments?post=19891"}],"version-history":[{"count":0,"href":"https:\/\/www.circuitricardotormo.com\/ca\/wp-json\/wp\/v2\/posts\/19891\/revisions"}],"wp:featuredmedia":[{"embeddable":true,"href":"https:\/\/www.circuitricardotormo.com\/ca\/wp-json\/wp\/v2\/media\/11490"}],"wp:attachment":[{"href":"https:\/\/www.circuitricardotormo.com\/ca\/wp-json\/wp\/v2\/media?parent=19891"}],"wp:term":[{"taxonomy":"category","embeddable":true,"href":"https:\/\/www.circuitricardotormo.com\/ca\/wp-json\/wp\/v2\/categories?post=19891"},{"taxonomy":"post_tag","embeddable":true,"href":"https:\/\/www.circuitricardotormo.com\/ca\/wp-json\/wp\/v2\/tags?post=19891"}],"curies":[{"name":"wp","href":"https:\/\/api.w.org\/{rel}","templated":true}]}}