{"id":19901,"date":"2018-11-23T14:07:23","date_gmt":"2018-11-23T14:07:23","guid":{"rendered":"https:\/\/www.circuitricardotormo.com\/circuit-decideix-els-titols-del-mundial-junior-moto3-i-la-european-talent-cup\/"},"modified":"2018-11-23T14:19:45","modified_gmt":"2018-11-23T14:19:45","slug":"circuit-decideix-els-titols-del-mundial-junior-moto3-i-la-european-talent-cup","status":"publish","type":"post","link":"https:\/\/www.circuitricardotormo.com\/ca\/circuit-decideix-els-titols-del-mundial-junior-moto3-i-la-european-talent-cup\/","title":{"rendered":"El Circuit decideix els t\u00edtols del Mundial J\u00fanior de Moto3 i de la European Talent Cup"},"content":{"rendered":"<p>El <a href=\"http:\/\/r.control.circuitricardotormo.es\/mk\/cl\/a4NJMXB1saVyzBHiBF9g04Xg-V3QGkHR5srU0mAoeCUUOYNnL0_4dtdyGDUedsC90qOXqKQJ0HI5MeQ0e4PAcBc5QDugehgdORpEFt0t2_3E596uqG3Q79zHhrRjhBU\" target=\"_blank\" rel=\"noopener\">Circuit Ricardo Tormo<\/a>tanca aquest cap de setmana la temporada internacional de motociclisme amb la celebraci\u00f3 de l\u2019\u00faltima cita del FIM CEV Repsol, el campionat de motociclisme que reuneix els joves talents abans d\u2019arribar al mundial.<\/p>\n<p>En el Campionat del M\u00f3n J\u00fanior de <strong>Moto3<\/strong>, el t\u00edtol estava per decidir al Circuit entre Ra\u00fal Fern\u00e1ndez (\u00c1ngel Nieto Team) i Manuel Pagliani (Leopard Junior Team), per\u00f2 el pilot itali\u00e0 no participar\u00e0 en aquesta prova. Per tant, dissabte es far\u00e0 oficial la consecuci\u00f3 del t\u00edtol per al pilot de l\u2019\u00c1ngel Nieto Team, que succeir\u00e0 pilots mundialistes com Dennis Foggia, Lorenzo Dalla Porta, Nicol\u00f3 Bulega, Fabio Quartararo o \u00c1lex M\u00e1rquez.<\/p>\n<p>&nbsp;<\/p>\n<p><a class=\"lightbox\" href=\"https:\/\/clonecircuit.wpengine.com\/wp-content\/uploads\/2017\/05\/FIM-CEV-Repsol.jpg\" target=\"_blank\" rel=\"noopener\"><img fetchpriority=\"high\" decoding=\"async\" class=\" wp-image-14747 alignleft\" src=\"https:\/\/clonecircuit.wpengine.com\/wp-content\/uploads\/2017\/05\/FIM-CEV-Repsol.jpg\" alt=\"\" width=\"416\" height=\"306\" \/><\/a><\/p>\n<p>El Campionat d\u2019Europa de <strong>Moto2<\/strong> tamb\u00e9 est\u00e0 decidit a favor de Jesko Raffin, per la qual cosa el Circuit Ricardo Tormo celebrar\u00e0 aquests t\u00edtols amb carreres emocionants de les dues categories.<\/p>\n<p>El t\u00edtol est\u00e0 en joc entre els m\u00e9s joves del campionat. Xavier Artigas, V\u00edctor Rodr\u00edguez i el pilot de Cuna de Campeones David Salvador aspiren a ser el campi\u00f3 de la <strong>European Talent Cup,<\/strong> i es veuran les cares en l\u2019\u00fanica carrera de la categoria que se celebra al Circuit diumenge.<\/p>\n<p><strong>Entrada lliure<\/strong><\/p>\n<p>L\u2019entrada per a veure el FIM CEV Repsol al Circuit \u00e9s gratu\u00efta tant a la tribuna de boxs del tra\u00e7at de Cheste com al p\u00e0doc, on es podr\u00e0 veure de primera m\u00e0 com treballen els equips i els pilots.<\/p>\n<p>A m\u00e9s dels entrenaments cronometrats de dissabte i de les cinc carreres programades des de diumenge a les 11.00 hores, els aficionats tindran l\u2019oportunitat de gaudir de l\u2019espectacle de \u2018freestyle\u2019 programat en les activitats de MotoRock, que per segon any consecutiu omplir\u00e0 el p\u00e0doc i la pista de moters per a celebrar el final de temporada i retre homenatge a qui fora president de la Federaci\u00f3 de Motociclisme de la Comunitat Valenciana, Salvador Gasc\u00f3n.<\/p>\n<p><a class=\"lightbox\" href=\"https:\/\/clonecircuit.wpengine.com\/wp-content\/uploads\/2018\/11\/David-Salvador.jpg\" target=\"_blank\" rel=\"noopener\"><img decoding=\"async\" class=\"size-large wp-image-22044 aligncenter\" src=\"https:\/\/clonecircuit.wpengine.com\/wp-content\/uploads\/2018\/11\/David-Salvador-1170x731.jpg\" alt=\"\" width=\"1000\" height=\"625\" \/><\/a><\/p>\n","protected":false},"excerpt":{"rendered":"<p>El Circuit Ricardo Tormotanca aquest cap de setmana la temporada internacional de motociclisme amb la celebraci\u00f3 de l\u2019\u00faltima cita del FIM CEV Repsol, el campionat de motociclisme que reuneix els joves talents abans d\u2019arribar al mundial. En el Campionat del M\u00f3n J\u00fanior de Moto3, el t\u00edtol estava per decidir al Circuit entre Ra\u00fal Fern\u00e1ndez (\u00c1ngel [&hellip;]<\/p>\n","protected":false},"author":1,"featured_media":16865,"comment_status":"closed","ping_status":"open","sticky":false,"template":"","format":"standard","meta":{"_acf_changed":false,"footnotes":""},"categories":[820],"tags":[],"class_list":["post-19901","post","type-post","status-publish","format-standard","has-post-thumbnail","hentry","category-sin-categoria-va"],"acf":[],"_links":{"self":[{"href":"https:\/\/www.circuitricardotormo.com\/ca\/wp-json\/wp\/v2\/posts\/19901","targetHints":{"allow":["GET"]}}],"collection":[{"href":"https:\/\/www.circuitricardotormo.com\/ca\/wp-json\/wp\/v2\/posts"}],"about":[{"href":"https:\/\/www.circuitricardotormo.com\/ca\/wp-json\/wp\/v2\/types\/post"}],"author":[{"embeddable":true,"href":"https:\/\/www.circuitricardotormo.com\/ca\/wp-json\/wp\/v2\/users\/1"}],"replies":[{"embeddable":true,"href":"https:\/\/www.circuitricardotormo.com\/ca\/wp-json\/wp\/v2\/comments?post=19901"}],"version-history":[{"count":0,"href":"https:\/\/www.circuitricardotormo.com\/ca\/wp-json\/wp\/v2\/posts\/19901\/revisions"}],"wp:featuredmedia":[{"embeddable":true,"href":"https:\/\/www.circuitricardotormo.com\/ca\/wp-json\/wp\/v2\/media\/16865"}],"wp:attachment":[{"href":"https:\/\/www.circuitricardotormo.com\/ca\/wp-json\/wp\/v2\/media?parent=19901"}],"wp:term":[{"taxonomy":"category","embeddable":true,"href":"https:\/\/www.circuitricardotormo.com\/ca\/wp-json\/wp\/v2\/categories?post=19901"},{"taxonomy":"post_tag","embeddable":true,"href":"https:\/\/www.circuitricardotormo.com\/ca\/wp-json\/wp\/v2\/tags?post=19901"}],"curies":[{"name":"wp","href":"https:\/\/api.w.org\/{rel}","templated":true}]}}