{"id":19906,"date":"2018-12-05T10:21:54","date_gmt":"2018-12-05T10:21:54","guid":{"rendered":"https:\/\/www.circuitricardotormo.com\/valencia-nascar-fest-2019\/"},"modified":"2018-12-05T11:12:26","modified_gmt":"2018-12-05T11:12:26","slug":"valencia-nascar-fest-2019","status":"publish","type":"post","link":"https:\/\/www.circuitricardotormo.com\/ca\/valencia-nascar-fest-2019\/","title":{"rendered":"Valencia NASCAR Fest 2019"},"content":{"rendered":"<p>El <a href=\"http:\/\/clonecircuit.wpengine.com\" target=\"_blank\" rel=\"noopener\"><strong>Circuit Ricardo Tormo<\/strong><\/a> celebra els dies 13 i 14 d&#8217;abril la sexta edici\u00f3 del Val\u00e8ncia NASCAR Fest. El festival americ\u00e0 de carreres del tra\u00e7at de Cheste.<\/p>\n<p>En 2019 el Val\u00e8ncia NASCAR \u00e9s la millor oportunitat per a tota la fam\u00edlia de disfrutar d&#8217;una infinitat d&#8217;activitats dins i fora de la pista, una gran oferta d&#8217;oci i diversi\u00f3 per a xiquets i adults<a href=\"https:\/\/entradas.circuitvalencia.com\/circuitvalencia\/ca_ES_valencia\/entradas\/evento\/14240\/session\/770379\/select\" target=\"_blank\" rel=\"noopener\"><b>Els xiquets no paguen\u00a0<\/b>(menors de 13 anys)<\/a><\/p>\n<h3>NASCAR 2019<\/h3>\n<p>El campionat <strong>Whelen NASCAR Euros\u00e8ries<\/strong> es disputar\u00e0 en 8 circuits europeus amb 16 rondes. En els \u00faltims anys l&#8217;Euro NASCAR s&#8217;ha consolidat entre les carreres de turismes.<\/p>\n<p>Ara \u00e9s una de les millors s\u00e8ries d&#8217;automobilisme lluny d&#8217;Am\u00e8rica del nord. El\u00a0calendario\u00a0de NASCAR 2019 inclou proves a Espanya, It\u00e0lia, Gran Bretanya, Fran\u00e7a, Rep\u00fablica Txeca, Holanda, Alemanya i B\u00e8lgica<a href=\"https:\/\/entradas.circuitvalencia.com\/circuitvalencia\/ca_ES_valencia\/entradas\/evento\/14240\/session\/770379\/select\" target=\"_blank\" rel=\"noopener\"><strong>ENTRADES<\/strong>\u00a0<\/a><b>LLOTGES VIP\u00a0<\/b>(pr\u00f3ximament)Pilots com <strong>Alon Day, Borja Garc\u00eda <\/strong>o<strong> Ander Vilari\u00f1o<\/strong> han sigut capa\u00e7os de guanyar carreres en el Circuit Ricardo Tormo. Les carreres de NASCAR sempre han demostrat igualtat m\u00e0xima i molt contacte en les proves celebrades a Cheste. Cada dia, tant el dissabte com el diumenge, se celebren<strong> dos carreres<\/strong> una dels pilots elit 1 i una altra dels d&#8217;Elit 2 entre els que ha destacat en els \u00faltims anys la valenciana <strong>Carmen Boix.<\/strong><\/p>\n","protected":false},"excerpt":{"rendered":"<p>El Circuit Ricardo Tormo celebra els dies 13 i 14 d&#8217;abril la sexta edici\u00f3 del Val\u00e8ncia NASCAR Fest. El festival americ\u00e0 de carreres del tra\u00e7at de Cheste. En 2019 el Val\u00e8ncia NASCAR \u00e9s la millor oportunitat per a tota la fam\u00edlia de disfrutar d&#8217;una infinitat d&#8217;activitats dins i fora de la pista, una gran oferta [&hellip;]<\/p>\n","protected":false},"author":1,"featured_media":8722,"comment_status":"closed","ping_status":"open","sticky":false,"template":"","format":"standard","meta":{"_acf_changed":false,"footnotes":""},"categories":[820],"tags":[166],"class_list":["post-19906","post","type-post","status-publish","format-standard","has-post-thumbnail","hentry","category-sin-categoria-va","tag-nascar"],"acf":[],"_links":{"self":[{"href":"https:\/\/www.circuitricardotormo.com\/ca\/wp-json\/wp\/v2\/posts\/19906","targetHints":{"allow":["GET"]}}],"collection":[{"href":"https:\/\/www.circuitricardotormo.com\/ca\/wp-json\/wp\/v2\/posts"}],"about":[{"href":"https:\/\/www.circuitricardotormo.com\/ca\/wp-json\/wp\/v2\/types\/post"}],"author":[{"embeddable":true,"href":"https:\/\/www.circuitricardotormo.com\/ca\/wp-json\/wp\/v2\/users\/1"}],"replies":[{"embeddable":true,"href":"https:\/\/www.circuitricardotormo.com\/ca\/wp-json\/wp\/v2\/comments?post=19906"}],"version-history":[{"count":0,"href":"https:\/\/www.circuitricardotormo.com\/ca\/wp-json\/wp\/v2\/posts\/19906\/revisions"}],"wp:featuredmedia":[{"embeddable":true,"href":"https:\/\/www.circuitricardotormo.com\/ca\/wp-json\/wp\/v2\/media\/8722"}],"wp:attachment":[{"href":"https:\/\/www.circuitricardotormo.com\/ca\/wp-json\/wp\/v2\/media?parent=19906"}],"wp:term":[{"taxonomy":"category","embeddable":true,"href":"https:\/\/www.circuitricardotormo.com\/ca\/wp-json\/wp\/v2\/categories?post=19906"},{"taxonomy":"post_tag","embeddable":true,"href":"https:\/\/www.circuitricardotormo.com\/ca\/wp-json\/wp\/v2\/tags?post=19906"}],"curies":[{"name":"wp","href":"https:\/\/api.w.org\/{rel}","templated":true}]}}