{"id":19910,"date":"2018-12-27T09:40:52","date_gmt":"2018-12-27T09:40:52","guid":{"rendered":"https:\/\/www.circuitricardotormo.com\/cuna-campeones-tanca-2018-amb-tres-titols-nacionals\/"},"modified":"2018-12-27T09:40:52","modified_gmt":"2018-12-27T09:40:52","slug":"cuna-campeones-tanca-2018-amb-tres-titols-nacionals","status":"publish","type":"post","link":"https:\/\/www.circuitricardotormo.com\/ca\/cuna-campeones-tanca-2018-amb-tres-titols-nacionals\/","title":{"rendered":"Cuna de Campeones tanca 2018 amb tres t\u00edtols nacionals"},"content":{"rendered":"<h3>Marcos Ruda i Izan Guevara es proclamen Campi\u00f3 i subcampi\u00f3 d\u2019Espanya de PreMoto3<\/h3>\n<h3>David Salvador ha aconseguit la tercera pla\u00e7a de la European Talent Cup<\/h3>\n<p>La <a href=\"https:\/\/www.cunadecampeones.es\/\" target=\"_blank\" rel=\"noopener\"><strong>Cuna de Campeones<\/strong><\/a>\u00a0ha finalitzat la seua temporada amb tres t\u00edtols nacionals, aconseguits per Marcos Ruda en PreMoto4, Carlos Cano en Minimotos i Jes\u00fas Torres en Moto5 i amb la tercera pla\u00e7a de David Salvador com a \u00e8xits m\u00e9s grans de 2018.<\/p>\n<p>A m\u00e9s, C\u00e9sar Parrilla en MiniGP 110, Abraham Montero en Moto5 i \u00c1ngel Piqueras en PreMoto4 s\u2019han fet amb els t\u00edtols propis de Cuna de Campeones, l\u2019escola de pilots de motociclisme del Circuit Ricardo Tormo.<\/p>\n<p>Els m\u00e9s menuts de l\u2019escola, els pilots de Minimotos, han tingut un protagonista, el murci\u00e0 Carlos Cano, que va aconseguir el t\u00edtol de Campi\u00f3 d\u2019Espanya per davant d\u2019un altre dels pilots de la Cuna, \u00c1lex Longarela, amb Luis Miguel L\u00f3pez en quarta posici\u00f3.<\/p>\n<p><a class=\"lightbox\" href=\"https:\/\/clonecircuit.wpengine.com\/wp-content\/uploads\/2018\/12\/5cev_PM3-2518-1.jpg\" target=\"_blank\" rel=\"noopener\"><img fetchpriority=\"high\" decoding=\"async\" class=\"wp-image-23270 alignleft\" src=\"https:\/\/clonecircuit.wpengine.com\/wp-content\/uploads\/2018\/12\/5cev_PM3-2518-1-1170x731.jpg\" alt=\"\" width=\"413\" height=\"258\" \/><\/a><\/p>\n<p>La seg\u00fcent de les categories de la Copa d\u2019Espanya \u00e9s MiniGP 110, en la qual C\u00e9sar Parrilla es va portar el t\u00edtol de la Cuna seguit de Miguel Rodr\u00edguez i Adri\u00e1n Covarrubias.<\/p>\n<p>En la categoria de la Copa d\u2019Espanya de Moto5, Jes\u00fas Torres va ser qui es va al\u00e7ar amb el t\u00edtol de campi\u00f3 d\u2019Espanya amb 53 punts d\u2019avantatge sobre David Garc\u00eda, a qui va seguir \u00c1lvaro Carp\u00ed a 7 punts. No obstant aix\u00f2, la classificaci\u00f3 de Cuna de Campeones es completava amb quatre carreres en circuit de Gran Premi. Amb aquests resultats va ser Abraham Montero qui es va erigir com a campi\u00f3 de Cuna de Campeones per davant de Torres i de David Garc\u00eda.<\/p>\n<p>El valenci\u00e0 \u00c1ngel Piqueras es va proclamar campi\u00f3 de PreMoto4, categoria que ha compaginat amb el Campionat d\u2019Espanya de Moto4. El pilot d\u2019Ayora va aconseguir el t\u00edtol a Albacete, abans de l\u2019\u00faltima carrera a Val\u00e8ncia. Despr\u00e9s d\u2019aquest va ser Juan Rodr\u00edguez el que va ocupar la segona pla\u00e7a de la general. El tercer lloc el va ocupar Alberto Ferr\u00e1ndez, campi\u00f3 de Moto5 en 2017, despr\u00e9s de compaginar diversos campionats durant aquest 2018 (Moto4, PreMoto4 i Hawkers).<\/p>\n<p>En el Campionat d\u2019Espanya de Velocitat organitzat per la Federaci\u00f3 Espanyola l\u2019equip de l\u2019escola en la categoria de Moto4 el van formar \u00c1ngel Piqueras, Hugo Mill\u00e1n i \u00d3scar N\u00fa\u00f1ez. Piqueras va guanyar una prova. Hugo Mill\u00e1n saltar\u00e0 a la European Talent Cup amb l\u2019equip de la Cuna mateix en 2019. \u00d3scar N\u00fa\u00f1ez va puntuar en diverses carreres i va millorar en cada una.<\/p>\n<p>En el nacional de PreMoto3 Marcos Ruda es va emportar el t\u00edtol despr\u00e9s d\u2019acabar al podi en totes les carreres menys una i d\u2019haver-ne guanyat una. Aix\u00f2 li suposa guanyar la beca de la Cuna que li permet c\u00f3rrer la European Talent Cup en 2019, juntament amb Mill\u00e1n i probablement un o dos pilots m\u00e9s. El subcampi\u00f3 de la categoria \u00e9s un altre pilot de la Cuna, Izan Guevara, que ha aconseguit guanyar tres carreres en 2018 i amb aquest resultat es guanya el dret de poder gaudir d\u2019una semibeca dins de l\u2019equip de la Cuna per a competir en la European Talent Cup. En quarta posici\u00f3 va acabar Daijiro Sako, el pilot hispanojapon\u00e9s que va guanyar l\u2019\u00faltima carrera a Xer\u00e9s i que ha aconseguit entrar en la prestigiosa Red Bull MotoGP Rookies Cup despr\u00e9s de guanyar-se la pla\u00e7a en les proves de selecci\u00f3.<\/p>\n<p><strong><a class=\"lightbox\" href=\"https:\/\/clonecircuit.wpengine.com\/wp-content\/uploads\/2018\/04\/Filip-Salac-web-1.jpg\" target=\"_blank\" rel=\"noopener\"><img decoding=\"async\" class=\"wp-image-18209 alignright\" src=\"https:\/\/clonecircuit.wpengine.com\/wp-content\/uploads\/2018\/04\/Filip-Salac-web-1-1170x731.jpg\" alt=\"\" width=\"450\" height=\"281\" \/><\/a>Mundial Junior i European Talent Cup<\/strong><\/p>\n<p>La campanya feta pels pilots de la Cuna en el mundial j\u00fanior de Moto3 ha sigut destacable ja que s\u2019ha aconseguit que el txec Filip Salac passe al mundial de Moto3 en 2019, tal com va fer Jaume Masi\u00e0 en 2018. Per la seua banda, David Salvador ha aconseguit acabar en tercera posici\u00f3 de l\u2019ETC, la qual cosa li ha suposat una pla\u00e7a en la Red Bull Rookies Cup.<\/p>\n<p>Aix\u00ed mateix, \u00c1ngel Lorente, \u00c1lex Toledo i Iv\u00e1n Miralles han lluitat per a acabar en els punts en totes les carreres en el campionat del m\u00f3n j\u00fanior de Moto3, el m\u00e9s competit i dif\u00edcil del panorama internacional.<\/p>\n","protected":false},"excerpt":{"rendered":"<p>Marcos Ruda i Izan Guevara es proclamen Campi\u00f3 i subcampi\u00f3 d\u2019Espanya de PreMoto3 David Salvador ha aconseguit la tercera pla\u00e7a de la European Talent Cup La Cuna de Campeones\u00a0ha finalitzat la seua temporada amb tres t\u00edtols nacionals, aconseguits per Marcos Ruda en PreMoto4, Carlos Cano en Minimotos i Jes\u00fas Torres en Moto5 i amb la [&hellip;]<\/p>\n","protected":false},"author":1,"featured_media":16988,"comment_status":"closed","ping_status":"open","sticky":false,"template":"","format":"standard","meta":{"_acf_changed":false,"footnotes":""},"categories":[821,820],"tags":[176],"class_list":["post-19910","post","type-post","status-publish","format-standard","has-post-thumbnail","hentry","category-noticias-val","category-sin-categoria-va","tag-cuna-de-campeones"],"acf":[],"_links":{"self":[{"href":"https:\/\/www.circuitricardotormo.com\/ca\/wp-json\/wp\/v2\/posts\/19910","targetHints":{"allow":["GET"]}}],"collection":[{"href":"https:\/\/www.circuitricardotormo.com\/ca\/wp-json\/wp\/v2\/posts"}],"about":[{"href":"https:\/\/www.circuitricardotormo.com\/ca\/wp-json\/wp\/v2\/types\/post"}],"author":[{"embeddable":true,"href":"https:\/\/www.circuitricardotormo.com\/ca\/wp-json\/wp\/v2\/users\/1"}],"replies":[{"embeddable":true,"href":"https:\/\/www.circuitricardotormo.com\/ca\/wp-json\/wp\/v2\/comments?post=19910"}],"version-history":[{"count":0,"href":"https:\/\/www.circuitricardotormo.com\/ca\/wp-json\/wp\/v2\/posts\/19910\/revisions"}],"wp:featuredmedia":[{"embeddable":true,"href":"https:\/\/www.circuitricardotormo.com\/ca\/wp-json\/wp\/v2\/media\/16988"}],"wp:attachment":[{"href":"https:\/\/www.circuitricardotormo.com\/ca\/wp-json\/wp\/v2\/media?parent=19910"}],"wp:term":[{"taxonomy":"category","embeddable":true,"href":"https:\/\/www.circuitricardotormo.com\/ca\/wp-json\/wp\/v2\/categories?post=19910"},{"taxonomy":"post_tag","embeddable":true,"href":"https:\/\/www.circuitricardotormo.com\/ca\/wp-json\/wp\/v2\/tags?post=19910"}],"curies":[{"name":"wp","href":"https:\/\/api.w.org\/{rel}","templated":true}]}}