{"id":19913,"date":"2019-01-15T10:08:13","date_gmt":"2019-01-15T10:08:13","guid":{"rendered":"https:\/\/www.circuitricardotormo.com\/regis-laconi-sera-protagonista-del-racing-legends-circuit-ricardo-tormo\/"},"modified":"2019-01-15T10:08:13","modified_gmt":"2019-01-15T10:08:13","slug":"regis-laconi-sera-protagonista-del-racing-legends-circuit-ricardo-tormo","status":"publish","type":"post","link":"https:\/\/www.circuitricardotormo.com\/ca\/regis-laconi-sera-protagonista-del-racing-legends-circuit-ricardo-tormo\/","title":{"rendered":"Regis Laconi ser\u00e0 el protagonista del Racing Legends en el Circuit Ricardo Tormo"},"content":{"rendered":"<p>El <strong>Circuit Ricardo Tormo<\/strong> celebrar\u00e0 els dies 2 i 3 de mar\u00e7 la sisena edici\u00f3 del Racing Legends, que tindr\u00e0 el pilot franc\u00e9s R\u00e9gis Laconi com a estrela convidada.<\/p>\n<p>El pilot franc\u00e9s va aconseguir, als comandaments d&#8217;una Yamaha, la seua \u00fanica vict\u00f2ria en el mundial de motociclisme en la carrera inaugural del tra\u00e7at de Cheste, el Gran Premi de la Comunitat Valenciana celebrat el mes de setembre de 1999.<\/p>\n<p><a class=\"lightbox\" href=\"https:\/\/clonecircuit.wpengine.com\/wp-content\/uploads\/2019\/01\/Regis-Laconi-press-conference-Gran-Premio-Comunitat-Valenciana-1999.jpg\" target=\"_blank\" rel=\"noopener\"><img fetchpriority=\"high\" decoding=\"async\" class=\" wp-image-23388 alignright\" src=\"https:\/\/clonecircuit.wpengine.com\/wp-content\/uploads\/2019\/01\/Regis-Laconi-press-conference-Gran-Premio-Comunitat-Valenciana-1999-836x731.jpg\" alt=\"Racing Legends 2019 en el Circuit Ricardo Tormo\" width=\"252\" height=\"221\" \/><\/a>Despr\u00e9s de set anys complets en el mundial, amb un total de dos p\u00f2diums, i altres set anys i mig en el mundial de Superbike, amb onze vict\u00f2ries i 28 p\u00f2diums, Laconi va deixar la competici\u00f3.<\/p>\n<p>El pilot, de 43 anys, continua col\u00b7laborant amb Ducati, marca amb la qual va participar en el Campionat del M\u00f3n de Superbike, i sobre una de les seues motos rodar\u00e0 en el tra\u00e7at valenci\u00e0 durant el <strong>Racing Legends.\u00a0<\/strong><\/p>\n<p><b>Competici\u00f3 i exhibicions<\/b><\/p>\n<p>Junt amb el franc\u00e9s, altres hist\u00f2rics del motociclisme eixiran a la pista en el memorial Paco Gonz\u00e1lez, una de les m\u00faltiples activitats que conformen el programa del Racing Legends, la concentraci\u00f3 de vehicles d&#8217;\u00e8poca que cada any obri el calendari esportiu del circuit.<\/p>\n<p><a class=\"lightbox\" href=\"https:\/\/clonecircuit.wpengine.com\/wp-content\/uploads\/2019\/01\/Regis-Laconi-celebra-Gran-Premio-Comunitat-Valenciana-1999.jpg\" target=\"_blank\" rel=\"noopener\"><img decoding=\"async\" class=\" wp-image-23397 alignleft\" src=\"https:\/\/clonecircuit.wpengine.com\/wp-content\/uploads\/2019\/01\/Regis-Laconi-celebra-Gran-Premio-Comunitat-Valenciana-1999.jpg\" alt=\"\" width=\"262\" height=\"356\" \/><\/a>Aquesta temporada les motos transformades estil <strong>Cafe Racer<\/strong>, Scrambler, Flat Tracker, Bobber i Brat Style seran protagonistes en el p\u00e0doc. A m\u00e9s, el Racing Legends 2019 tindr\u00e0 la pres\u00e8ncia de tallers dedicats a transformacions que exposaran els seus millors treballs.<\/p>\n<p>A m\u00e9s d&#8217;aquestes exhibicions, el Racing Legends inclour\u00e0, en aquesta sisena edici\u00f3, proves de la Copa d&#8217;Espanya tant de motociclisme com d&#8217;automobilisme cl\u00e0ssic, l&#8217;International Classic GP de la Federaci\u00f3 Internacional de Motociclisme en les categories de 250\u00a0cc, 350\u00a0cc i 500\u00a0cc, a m\u00e9s del tradicional Trofeu de Regularitat.<\/p>\n<p>La competici\u00f3 donar\u00e0 pas a les tandes de f\u00f3rmules d&#8217;\u00e8poca de categories com la F\u00f3rmula 3 o la F\u00f3rmula 1430, la concentraci\u00f3 de camions cl\u00e0ssics i la desfilada de tots els cotxes cl\u00e0ssics que vulguen participar en el Racing Legends.<\/p>\n<p>Las entrades estan a la venda en la p\u00e0gina web del circuit amb el mateix preu que en edicions anteriors, 10 euros al dia o 15 tot el cap de setmana i entrada lliure per als menors de 13 anys.<\/p>\n<p>&nbsp;<\/p>\n","protected":false},"excerpt":{"rendered":"<p>El Circuit Ricardo Tormo celebrar\u00e0 els dies 2 i 3 de mar\u00e7 la sisena edici\u00f3 del Racing Legends, que tindr\u00e0 el pilot franc\u00e9s R\u00e9gis Laconi com a estrela convidada. El pilot franc\u00e9s va aconseguir, als comandaments d&#8217;una Yamaha, la seua \u00fanica vict\u00f2ria en el mundial de motociclisme en la carrera inaugural del tra\u00e7at de Cheste, [&hellip;]<\/p>\n","protected":false},"author":1,"featured_media":16935,"comment_status":"closed","ping_status":"open","sticky":false,"template":"","format":"standard","meta":{"_acf_changed":false,"footnotes":""},"categories":[821],"tags":[617],"class_list":["post-19913","post","type-post","status-publish","format-standard","has-post-thumbnail","hentry","category-noticias-val","tag-racing-legends"],"acf":[],"_links":{"self":[{"href":"https:\/\/www.circuitricardotormo.com\/ca\/wp-json\/wp\/v2\/posts\/19913","targetHints":{"allow":["GET"]}}],"collection":[{"href":"https:\/\/www.circuitricardotormo.com\/ca\/wp-json\/wp\/v2\/posts"}],"about":[{"href":"https:\/\/www.circuitricardotormo.com\/ca\/wp-json\/wp\/v2\/types\/post"}],"author":[{"embeddable":true,"href":"https:\/\/www.circuitricardotormo.com\/ca\/wp-json\/wp\/v2\/users\/1"}],"replies":[{"embeddable":true,"href":"https:\/\/www.circuitricardotormo.com\/ca\/wp-json\/wp\/v2\/comments?post=19913"}],"version-history":[{"count":0,"href":"https:\/\/www.circuitricardotormo.com\/ca\/wp-json\/wp\/v2\/posts\/19913\/revisions"}],"wp:featuredmedia":[{"embeddable":true,"href":"https:\/\/www.circuitricardotormo.com\/ca\/wp-json\/wp\/v2\/media\/16935"}],"wp:attachment":[{"href":"https:\/\/www.circuitricardotormo.com\/ca\/wp-json\/wp\/v2\/media?parent=19913"}],"wp:term":[{"taxonomy":"category","embeddable":true,"href":"https:\/\/www.circuitricardotormo.com\/ca\/wp-json\/wp\/v2\/categories?post=19913"},{"taxonomy":"post_tag","embeddable":true,"href":"https:\/\/www.circuitricardotormo.com\/ca\/wp-json\/wp\/v2\/tags?post=19913"}],"curies":[{"name":"wp","href":"https:\/\/api.w.org\/{rel}","templated":true}]}}