{"id":19921,"date":"2019-04-18T10:33:11","date_gmt":"2019-04-18T10:33:11","guid":{"rendered":"https:\/\/www.circuitricardotormo.com\/circuit-celebrara-carreres-la-nascar-europea-cinc-anys-mes\/"},"modified":"2019-04-18T10:37:01","modified_gmt":"2019-04-18T10:37:01","slug":"circuit-celebrara-carreres-la-nascar-europea-cinc-anys-mes","status":"publish","type":"post","link":"https:\/\/www.circuitricardotormo.com\/ca\/circuit-celebrara-carreres-la-nascar-europea-cinc-anys-mes\/","title":{"rendered":"El Circuit celebrar\u00e0 carreres de la NASCAR europea cinc anys m\u00e9s"},"content":{"rendered":"<p>El Circuit Ricardo Tormo ha tancat un acord amb l\u2019organitzador de les Whelen NASCAR Euroseries pel qual el tra\u00e7at valenci\u00e0 ser\u00e0 la seu exclusiva a Espanya de les populars carreres d\u2019origen nord-americ\u00e0 durant els pr\u00f2xims cinc anys.<\/p>\n<p>L\u2019acord suposa una extensi\u00f3 de la col\u00b7laboraci\u00f3 que la NASCAR europea t\u00e9 amb el tra\u00e7at de Cheste des que en 2013 se celebrara per primera vegada el Valencia NASCAR Fest. D\u2019aquesta manera, la cita formar\u00e0 part del calendari del Circuit Ricardo Tormo almenys fins a 2024.<\/p>\n<div><a class=\"lightbox\" href=\"https:\/\/clonecircuit.wpengine.com\/wp-content\/uploads\/2019\/04\/Ander-Vilari\u00f1o-NASCAR-doblete-podium-celebra.jpg\" target=\"_blank\" rel=\"noopener\"><img fetchpriority=\"high\" decoding=\"async\" class=\"wp-image-24848 alignleft\" src=\"https:\/\/clonecircuit.wpengine.com\/wp-content\/uploads\/2019\/04\/Ander-Vilari\u00f1o-NASCAR-doblete-podium-celebra-1170x731.jpg\" alt=\"\" width=\"592\" height=\"370\" \/><\/a>\u201cL\u2019esdeveniment no ha parat de millorar i l\u2019organitzaci\u00f3 ha sabut fer-lo cr\u00e9ixer amb m\u00e9s cobertura medi\u00e0tica, amb igualtat t\u00e8cnica, amb millors equips i pilots\u2026 aix\u00ed que s\u2019han convertit en el soci perfecte i volem mantindre\u2019l en el Circuit molt de temps\u201d, ha assenyalat el director general del Circuit, Gonzalo Gobert, que ha qualificat la NASCAR com una \u201crefer\u00e8ncia internacional en el m\u00f3n de l\u2019automobilisme\u201d. Per la seua banda, el m\u00e0xim responsable de les Whelen NASCAR Euroseries, Jerome Galpin, s\u2019ha mostrat \u201cmolt content\u201d per l\u2019acord aconseguit.<\/p>\n<p>El Valencia NASCAR Fest \u00e9s un festival de carreres i activitats amb marcat car\u00e0cter americ\u00e0 que el cap de setmana passat va reunir al Circuit 16.000 aficionats. Tots van poder gaudir d\u2019un esdeveniment obert en el qual el p\u00fablic es pot acostar als cotxes en la mateixa graella d\u2019eixida, viure en directe l\u2019emoci\u00f3 del p\u00f2dium i participar al p\u00e0doc en una infinitat d\u2019activitats per a tota la fam\u00edlia.<\/p>\n<\/div>\n","protected":false},"excerpt":{"rendered":"<p>El Circuit Ricardo Tormo ha tancat un acord amb l\u2019organitzador de les Whelen NASCAR Euroseries pel qual el tra\u00e7at valenci\u00e0 ser\u00e0 la seu exclusiva a Espanya de les populars carreres d\u2019origen nord-americ\u00e0 durant els pr\u00f2xims cinc anys. L\u2019acord suposa una extensi\u00f3 de la col\u00b7laboraci\u00f3 que la NASCAR europea t\u00e9 amb el tra\u00e7at de Cheste des [&hellip;]<\/p>\n","protected":false},"author":1,"featured_media":17044,"comment_status":"closed","ping_status":"open","sticky":false,"template":"","format":"standard","meta":{"_acf_changed":false,"footnotes":""},"categories":[821],"tags":[166],"class_list":["post-19921","post","type-post","status-publish","format-standard","has-post-thumbnail","hentry","category-noticias-val","tag-nascar"],"acf":[],"_links":{"self":[{"href":"https:\/\/www.circuitricardotormo.com\/ca\/wp-json\/wp\/v2\/posts\/19921","targetHints":{"allow":["GET"]}}],"collection":[{"href":"https:\/\/www.circuitricardotormo.com\/ca\/wp-json\/wp\/v2\/posts"}],"about":[{"href":"https:\/\/www.circuitricardotormo.com\/ca\/wp-json\/wp\/v2\/types\/post"}],"author":[{"embeddable":true,"href":"https:\/\/www.circuitricardotormo.com\/ca\/wp-json\/wp\/v2\/users\/1"}],"replies":[{"embeddable":true,"href":"https:\/\/www.circuitricardotormo.com\/ca\/wp-json\/wp\/v2\/comments?post=19921"}],"version-history":[{"count":0,"href":"https:\/\/www.circuitricardotormo.com\/ca\/wp-json\/wp\/v2\/posts\/19921\/revisions"}],"wp:featuredmedia":[{"embeddable":true,"href":"https:\/\/www.circuitricardotormo.com\/ca\/wp-json\/wp\/v2\/media\/17044"}],"wp:attachment":[{"href":"https:\/\/www.circuitricardotormo.com\/ca\/wp-json\/wp\/v2\/media?parent=19921"}],"wp:term":[{"taxonomy":"category","embeddable":true,"href":"https:\/\/www.circuitricardotormo.com\/ca\/wp-json\/wp\/v2\/categories?post=19921"},{"taxonomy":"post_tag","embeddable":true,"href":"https:\/\/www.circuitricardotormo.com\/ca\/wp-json\/wp\/v2\/tags?post=19921"}],"curies":[{"name":"wp","href":"https:\/\/api.w.org\/{rel}","templated":true}]}}