{"id":19925,"date":"2019-05-29T09:13:45","date_gmt":"2019-05-29T09:13:45","guid":{"rendered":"https:\/\/www.circuitricardotormo.com\/9-000-localitats-mes-per-al-gran-premi\/"},"modified":"2019-05-29T10:20:46","modified_gmt":"2019-05-29T10:20:46","slug":"9-000-localitats-mes-per-al-gran-premi","status":"publish","type":"post","link":"https:\/\/www.circuitricardotormo.com\/ca\/9-000-localitats-mes-per-al-gran-premi\/","title":{"rendered":"9.000 localitats m\u00e9s per al Gran Premi"},"content":{"rendered":"<p>El Circuit Ricardo Tormo ampliar\u00e0 el seu aforament de cara a la celebraci\u00f3 del Gran Premi Motul de la Comunitat Valenciana en un total de 9.726 localitats.<\/p>\n<p>El tra\u00e7at de Cheste ha venut ja un 80 per cent de les entrades que va posar a la venda durant la celebraci\u00f3 del passat Gran Premi al novembre.<\/p>\n<p><a class=\"lightbox\" href=\"https:\/\/clonecircuit.wpengine.com\/wp-content\/uploads\/2019\/05\/Tarifas-2019-DESCUENTO-ampliaci\u00f3n-VAL.jpg\" target=\"_blank\" rel=\"noopener\"><img fetchpriority=\"high\" decoding=\"async\" class=\"wp-image-25820  alignleft\" src=\"https:\/\/clonecircuit.wpengine.com\/wp-content\/uploads\/2019\/05\/Tarifas-2019-DESCUENTO-ampliaci\u00f3n-VAL.jpg\" alt=\"\" width=\"289\" height=\"559\" \/><\/a><\/p>\n<p>&nbsp;<\/p>\n<p>A m\u00e9s de l\u2019habitual tribuna de la recta de meta, amb quasi 600 noves entrades, el Circuit Ricardo Tormo ha projectat la construcci\u00f3 d\u2019ampliacions en les files superiors de les tribunes verda i roja que sumen quasi 2.000 entrades m\u00e9s. D\u2019altra banda, es construiran grades suplet\u00f2ries per damunt de la tribuna taronja, amb 1.842 noves entrades, la tribuna blava amb 3.261 m\u00e9s i la tribuna verda amb 2.038 localitats.<\/p>\n<p>Amb la posada en servei d\u2019aquestes noves grades s\u2019espera una aflu\u00e8ncia de m\u00e9s de 100.000 persones el diumenge 17 de novembre.<\/p>\n<p>Les noves localitats estan ja a la venda en la p\u00e0gina web oficial del Circuit Ricardo Tormo (<a href=\"http:\/\/clonecircuit.wpengine.com\/\" target=\"_blank\" rel=\"noopener\">clonecircuit.wpengine.com<\/a>) i es poden adquirir amb un 10 per cent de descompte fins a aquest divendres, 31 de maig.<\/p>\n<p>Com cada any des de 2002, el Circuit Ricardo Tormo ser\u00e0 l\u2019escenari de l\u2019\u00faltim gran premi dels 19 que componen el Campionat del M\u00f3n de Motociclisme, que aquest cap de setmana t\u00e9 la sisena cita en el tra\u00e7at itali\u00e0 del Mugello.<\/p>\n<p><a href=\"https:\/\/entradas.circuitvalencia.com\/circuitvalencia\/es_ES\/entradas\/evento\/13207\/session\/871205\/select\" target=\"_blank\" rel=\"noopener\"><span style=\"color: #ff6600;\"><strong>M\u00c9S INFORMACI\u00d3 i VENDA<\/strong><\/span><\/a><\/p>\n","protected":false},"excerpt":{"rendered":"<p>El Circuit Ricardo Tormo ampliar\u00e0 el seu aforament de cara a la celebraci\u00f3 del Gran Premi Motul de la Comunitat Valenciana en un total de 9.726 localitats. El tra\u00e7at de Cheste ha venut ja un 80 per cent de les entrades que va posar a la venda durant la celebraci\u00f3 del passat Gran Premi al [&hellip;]<\/p>\n","protected":false},"author":1,"featured_media":17072,"comment_status":"closed","ping_status":"open","sticky":false,"template":"","format":"standard","meta":{"_acf_changed":false,"footnotes":""},"categories":[821,820],"tags":[],"class_list":["post-19925","post","type-post","status-publish","format-standard","has-post-thumbnail","hentry","category-noticias-val","category-sin-categoria-va"],"acf":[],"_links":{"self":[{"href":"https:\/\/www.circuitricardotormo.com\/ca\/wp-json\/wp\/v2\/posts\/19925","targetHints":{"allow":["GET"]}}],"collection":[{"href":"https:\/\/www.circuitricardotormo.com\/ca\/wp-json\/wp\/v2\/posts"}],"about":[{"href":"https:\/\/www.circuitricardotormo.com\/ca\/wp-json\/wp\/v2\/types\/post"}],"author":[{"embeddable":true,"href":"https:\/\/www.circuitricardotormo.com\/ca\/wp-json\/wp\/v2\/users\/1"}],"replies":[{"embeddable":true,"href":"https:\/\/www.circuitricardotormo.com\/ca\/wp-json\/wp\/v2\/comments?post=19925"}],"version-history":[{"count":0,"href":"https:\/\/www.circuitricardotormo.com\/ca\/wp-json\/wp\/v2\/posts\/19925\/revisions"}],"wp:featuredmedia":[{"embeddable":true,"href":"https:\/\/www.circuitricardotormo.com\/ca\/wp-json\/wp\/v2\/media\/17072"}],"wp:attachment":[{"href":"https:\/\/www.circuitricardotormo.com\/ca\/wp-json\/wp\/v2\/media?parent=19925"}],"wp:term":[{"taxonomy":"category","embeddable":true,"href":"https:\/\/www.circuitricardotormo.com\/ca\/wp-json\/wp\/v2\/categories?post=19925"},{"taxonomy":"post_tag","embeddable":true,"href":"https:\/\/www.circuitricardotormo.com\/ca\/wp-json\/wp\/v2\/tags?post=19925"}],"curies":[{"name":"wp","href":"https:\/\/api.w.org\/{rel}","templated":true}]}}