{"id":19931,"date":"2019-07-16T07:55:49","date_gmt":"2019-07-16T07:55:49","guid":{"rendered":"https:\/\/www.circuitricardotormo.com\/concurs-de-cartells-2019\/"},"modified":"2019-07-23T12:06:01","modified_gmt":"2019-07-23T12:06:01","slug":"concurs-de-cartells-2019","status":"publish","type":"post","link":"https:\/\/www.circuitricardotormo.com\/ca\/concurs-de-cartells-2019\/","title":{"rendered":"Concurs de cartells 2019"},"content":{"rendered":"<p>El <strong>Gran Premi Motul de la Comunitat Valenciana<\/strong> s&#8217;acosta i \u00e9s hora que ens ajudes a triar el cartell oficial de l&#8217;esdeveniment. Ja est\u00e0 ac\u00ed el concurs de cartells 2019, enguany has de triar entre estos tres cartells que et mostrem <strong>Cartell A<\/strong><strong>Cartell B<\/strong><strong>Cartell C<\/strong>Cu\u00e1l t&#8217;agrada m\u00e9s?? Juga amb nosaltres i podr\u00e0s guanyar un dels tres premis (recorda que nom\u00e9s es tindr\u00e0 en compte un vot per cada e-mail enviat)<\/p>\n<p>Els premis son :<\/p>\n<ul>\n<li><strong>2 pases de Palc VIP<\/strong><\/li>\n<li><strong>2 Entrades de Tribuna de Boxes<\/strong><\/li>\n<li><strong>2 Entrades de Tribuna Groga<\/strong><\/li>\n<\/ul>\n<p>Ompli el formari i participa al sorteig i axina ens ajudaras a traiar el Cartell del\u00a0<strong>Gran Premi Motul de la Comunitat Valenciana.<\/strong><\/p>\n<p>El termini de votaci\u00f3 terminar\u00e0 el dimercres 5 de setembre, el d\u00eda 6 enunciarem el nom dels tres guanyadors <\/p>\n","protected":false},"excerpt":{"rendered":"<p>El Gran Premi Motul de la Comunitat Valenciana s&#8217;acosta i \u00e9s hora que ens ajudes a triar el cartell oficial de l&#8217;esdeveniment. Ja est\u00e0 ac\u00ed el concurs de cartells 2019, enguany has de triar entre estos tres cartells que et mostrem Cartell ACartell BCartell CCu\u00e1l t&#8217;agrada m\u00e9s?? Juga amb nosaltres i podr\u00e0s guanyar un dels [&hellip;]<\/p>\n","protected":false},"author":1,"featured_media":17120,"comment_status":"closed","ping_status":"open","sticky":false,"template":"","format":"standard","meta":{"_acf_changed":false,"footnotes":""},"categories":[821,820],"tags":[363],"class_list":["post-19931","post","type-post","status-publish","format-standard","has-post-thumbnail","hentry","category-noticias-val","category-sin-categoria-va","tag-valenciagp"],"acf":[],"_links":{"self":[{"href":"https:\/\/www.circuitricardotormo.com\/ca\/wp-json\/wp\/v2\/posts\/19931","targetHints":{"allow":["GET"]}}],"collection":[{"href":"https:\/\/www.circuitricardotormo.com\/ca\/wp-json\/wp\/v2\/posts"}],"about":[{"href":"https:\/\/www.circuitricardotormo.com\/ca\/wp-json\/wp\/v2\/types\/post"}],"author":[{"embeddable":true,"href":"https:\/\/www.circuitricardotormo.com\/ca\/wp-json\/wp\/v2\/users\/1"}],"replies":[{"embeddable":true,"href":"https:\/\/www.circuitricardotormo.com\/ca\/wp-json\/wp\/v2\/comments?post=19931"}],"version-history":[{"count":0,"href":"https:\/\/www.circuitricardotormo.com\/ca\/wp-json\/wp\/v2\/posts\/19931\/revisions"}],"wp:featuredmedia":[{"embeddable":true,"href":"https:\/\/www.circuitricardotormo.com\/ca\/wp-json\/wp\/v2\/media\/17120"}],"wp:attachment":[{"href":"https:\/\/www.circuitricardotormo.com\/ca\/wp-json\/wp\/v2\/media?parent=19931"}],"wp:term":[{"taxonomy":"category","embeddable":true,"href":"https:\/\/www.circuitricardotormo.com\/ca\/wp-json\/wp\/v2\/categories?post=19931"},{"taxonomy":"post_tag","embeddable":true,"href":"https:\/\/www.circuitricardotormo.com\/ca\/wp-json\/wp\/v2\/tags?post=19931"}],"curies":[{"name":"wp","href":"https:\/\/api.w.org\/{rel}","templated":true}]}}