{"id":19939,"date":"2019-09-20T09:50:06","date_gmt":"2019-09-20T09:50:06","guid":{"rendered":"https:\/\/www.circuitricardotormo.com\/mes-de-150-pilots-corren-aquest-cap-de-setmana-en-les-huit-categories-del-civ-de-motociclisme\/"},"modified":"2019-09-20T11:44:16","modified_gmt":"2019-09-20T11:44:16","slug":"mes-de-150-pilots-corren-aquest-cap-de-setmana-en-les-huit-categories-del-civ-de-motociclisme","status":"publish","type":"post","link":"https:\/\/www.circuitricardotormo.com\/ca\/mes-de-150-pilots-corren-aquest-cap-de-setmana-en-les-huit-categories-del-civ-de-motociclisme\/","title":{"rendered":"M\u00e9s de 150 pilots corren aquest cap de setmana en les huit categories del CIV de motociclisme"},"content":{"rendered":"<p>El <a href=\"http:\/\/clonecircuit.wpengine.com\" target=\"_blank\" rel=\"noopener\"><strong>Circuit Ricardo Tormo<\/strong><\/a> celebra aquest cap de setmana la seua cita anual amb el Campionat Interauton\u00f2mic de Velocitat. Huit categories de motociclisme de base en qu\u00e8 un total de 164 pilots tindran l\u2019oportunitat de competir sobre l\u2019asfalt de Cheste.<\/p>\n<p>L\u2019activitat comen\u00e7ar\u00e0 dissabte amb la celebraci\u00f3 dels entrenaments cronometrats. Ja a la vesprada, a partir de les 16.30 hores, es disputaran les primeres carreres, la copa BMW, les cl\u00e0ssiques, la Yamaha R1 Cup i la primera cita de la categoria que engloba les PreMoto4, les Moto5 i els prototips de les universitats, tant en motos el\u00e8ctriques com de combusti\u00f3.<\/p>\n<p><a class=\"lightbox\" href=\"https:\/\/clonecircuit.wpengine.com\/wp-content\/uploads\/2018\/09\/Logo-CIV.jpg\" target=\"_blank\" rel=\"noopener\"><img decoding=\"async\" class=\"size-full wp-image-19565 alignleft\" src=\"https:\/\/clonecircuit.wpengine.com\/wp-content\/uploads\/2018\/09\/Logo-CIV.jpg\" alt=\"\" width=\"287\" height=\"142\" \/><\/a><\/p>\n<p>L\u2019activitat de diumenge comen\u00e7ar\u00e0 amb el \u2018warm up\u2019 i les carreres se celebraran a partir de les 11.15 hores en les categories de PreMoto4, Moto5 i MotoE, Open 300, Open 600, Open 1000 i, finalment, la copa MV Agusta.<\/p>\n<p><strong>Del videojoc a la pista<\/strong><\/p>\n<p>De manera paral\u00b7lela durant la jornada de diumenge, el Circuit Ricardo Tormo ser\u00e0 l\u2019escenari de la fase final de les proves de selecci\u00f3 de la CES Academy, en la qual pilots virtuals de \u2018simracing\u2019 (videojocs de simulaci\u00f3 al volant) es posen al control d\u2019un cotxe de competici\u00f3.<\/p>\n<p>Despr\u00e9s de diverses proves en l\u2019escola de conducci\u00f3 Fast, en les instal\u00b7lacions de Cheste, els pilots seleccionats tindran l\u2019oportunitat de rodar en el tra\u00e7at de Gran Premi del Circuit.<\/p>\n<p>Aquesta activitat comptar\u00e0 amb la valenciana Marta Garc\u00eda com a pilot convidada. L\u2019\u00fanica participant espanyola de les W Series i guanyadora d\u2019una de les carreres ser\u00e0 una assessora de primer nivell per als pilots que procedeixen de les carreres virtuals.<\/p>\n","protected":false},"excerpt":{"rendered":"<p>El Circuit Ricardo Tormo celebra aquest cap de setmana la seua cita anual amb el Campionat Interauton\u00f2mic de Velocitat. Huit categories de motociclisme de base en qu\u00e8 un total de 164 pilots tindran l\u2019oportunitat de competir sobre l\u2019asfalt de Cheste. L\u2019activitat comen\u00e7ar\u00e0 dissabte amb la celebraci\u00f3 dels entrenaments cronometrats. Ja a la vesprada, a partir [&hellip;]<\/p>\n","protected":false},"author":1,"featured_media":17172,"comment_status":"closed","ping_status":"open","sticky":false,"template":"","format":"standard","meta":{"_acf_changed":false,"footnotes":""},"categories":[821],"tags":[],"class_list":["post-19939","post","type-post","status-publish","format-standard","has-post-thumbnail","hentry","category-noticias-val"],"acf":[],"_links":{"self":[{"href":"https:\/\/www.circuitricardotormo.com\/ca\/wp-json\/wp\/v2\/posts\/19939","targetHints":{"allow":["GET"]}}],"collection":[{"href":"https:\/\/www.circuitricardotormo.com\/ca\/wp-json\/wp\/v2\/posts"}],"about":[{"href":"https:\/\/www.circuitricardotormo.com\/ca\/wp-json\/wp\/v2\/types\/post"}],"author":[{"embeddable":true,"href":"https:\/\/www.circuitricardotormo.com\/ca\/wp-json\/wp\/v2\/users\/1"}],"replies":[{"embeddable":true,"href":"https:\/\/www.circuitricardotormo.com\/ca\/wp-json\/wp\/v2\/comments?post=19939"}],"version-history":[{"count":0,"href":"https:\/\/www.circuitricardotormo.com\/ca\/wp-json\/wp\/v2\/posts\/19939\/revisions"}],"wp:featuredmedia":[{"embeddable":true,"href":"https:\/\/www.circuitricardotormo.com\/ca\/wp-json\/wp\/v2\/media\/17172"}],"wp:attachment":[{"href":"https:\/\/www.circuitricardotormo.com\/ca\/wp-json\/wp\/v2\/media?parent=19939"}],"wp:term":[{"taxonomy":"category","embeddable":true,"href":"https:\/\/www.circuitricardotormo.com\/ca\/wp-json\/wp\/v2\/categories?post=19939"},{"taxonomy":"post_tag","embeddable":true,"href":"https:\/\/www.circuitricardotormo.com\/ca\/wp-json\/wp\/v2\/tags?post=19939"}],"curies":[{"name":"wp","href":"https:\/\/api.w.org\/{rel}","templated":true}]}}