{"id":19942,"date":"2019-10-01T11:43:35","date_gmt":"2019-10-01T11:43:35","guid":{"rendered":"https:\/\/www.circuitricardotormo.com\/ii-gran-premi-de-ciclisme-adaptat\/"},"modified":"2019-10-01T13:54:30","modified_gmt":"2019-10-01T13:54:30","slug":"ii-gran-premi-de-ciclisme-adaptat","status":"publish","type":"post","link":"https:\/\/www.circuitricardotormo.com\/ca\/ii-gran-premi-de-ciclisme-adaptat\/","title":{"rendered":"II Gran Premi de Ciclisme Adaptat"},"content":{"rendered":"<p>El <a href=\"http:\/\/r.control.circuitricardotormo.es\/mk\/cl\/f\/R60oK_st-h7QPcAuRzm-W5zuHQeRL769hXJsuo68fF8KLR0824xWI8xKnTaWYcDw3rtYDuCsR_rgH_cFFhePXF0qJqLN2APpjofqTydkgD04z-p2KvS2m8Npb610AM6lznMVnHQqCnNxkMzGAvzNAHOk6dN8Q2RxFXvKo1Q7g8jWFQ\" target=\"_blank\" rel=\"noopener\">Circuit Ricardo Tormo\u00a0<\/a>acollir\u00e0 el dissabte 4 d\u2019octubre el II Gran Premi de Val\u00e8ncia, setena prova valedora per a la Copa d\u2019Espanya de Ciclisme Adaptat. L\u2019esdeveniment est\u00e0 organitzat pel Club Unlimited Wheels.<\/p>\n<p>En les dues carreres que s\u2019han programat per a la vesprada de dissabte s\u2019han inscrit un total de 74 corredors en les modalitats de \u2018handbike\u2019, tricicle, t\u00e0ndem i bicicleta en categories masculina i femenina. Es tracta de la cita de la temporada de la Copa d\u2019Espanya amb m\u00e9s participaci\u00f3.<\/p>\n<p>L\u2019activitat a la pista comen\u00e7ar\u00e0 a les 17 hores amb la prova de \u2018handbikes\u2019 i t\u00e0ndems, que durar\u00e0 50 minuts m\u00e9s una \u00faltima volta. El mateix funcionament tindr\u00e0 la carrera de bicicletes i tricicles, que comen\u00e7ar\u00e0 a les 18.15 hores.<\/p>\n<p><a class=\"lightbox\" href=\"https:\/\/clonecircuit.wpengine.com\/wp-content\/uploads\/2019\/09\/Ciclismo-adaptado.jpg\" target=\"_blank\" rel=\"noopener\"><img fetchpriority=\"high\" decoding=\"async\" class=\"wp-image-26956 alignleft\" src=\"https:\/\/clonecircuit.wpengine.com\/wp-content\/uploads\/2019\/09\/Ciclismo-adaptado-1170x731.jpg\" alt=\"Unlimited Wheels\" width=\"450\" height=\"281\" \/><\/a><\/p>\n<p>A partir de les 19.30 hores es dur\u00e0 a terme l\u2019intent de r\u00e8cord de velocitat sobre cadira de rodes el\u00e8ctrica en la recta de Cheste, just abans de la cerim\u00f2nia de lliurament de premis.<\/p>\n<p>Aquest \u00e9s el tercer any consecutiu en qu\u00e8 el Circuit celebra carreres de ciclisme adaptat i la segona ocasi\u00f3 en qu\u00e8 la prova forma part del calendari de nou cites de la Copa d\u2019Espanya d\u2019aquest tipus de proves. <strong>Unlimited Wheels<\/strong>, amb el seu equip de gesti\u00f3 cent per cent femen\u00ed i valenci\u00e0, ha consolidat el Gran Premi de Val\u00e8ncia, que pret\u00e9n elevar el seu nivell portant a la ciutat altres proves oficials d\u2019abast nacional i internacional.<\/p>\n","protected":false},"excerpt":{"rendered":"<p>El Circuit Ricardo Tormo\u00a0acollir\u00e0 el dissabte 4 d\u2019octubre el II Gran Premi de Val\u00e8ncia, setena prova valedora per a la Copa d\u2019Espanya de Ciclisme Adaptat. L\u2019esdeveniment est\u00e0 organitzat pel Club Unlimited Wheels. En les dues carreres que s\u2019han programat per a la vesprada de dissabte s\u2019han inscrit un total de 74 corredors en les modalitats [&hellip;]<\/p>\n","protected":false},"author":1,"featured_media":15565,"comment_status":"closed","ping_status":"open","sticky":false,"template":"","format":"standard","meta":{"_acf_changed":false,"footnotes":""},"categories":[821],"tags":[],"class_list":["post-19942","post","type-post","status-publish","format-standard","has-post-thumbnail","hentry","category-noticias-val"],"acf":[],"_links":{"self":[{"href":"https:\/\/www.circuitricardotormo.com\/ca\/wp-json\/wp\/v2\/posts\/19942","targetHints":{"allow":["GET"]}}],"collection":[{"href":"https:\/\/www.circuitricardotormo.com\/ca\/wp-json\/wp\/v2\/posts"}],"about":[{"href":"https:\/\/www.circuitricardotormo.com\/ca\/wp-json\/wp\/v2\/types\/post"}],"author":[{"embeddable":true,"href":"https:\/\/www.circuitricardotormo.com\/ca\/wp-json\/wp\/v2\/users\/1"}],"replies":[{"embeddable":true,"href":"https:\/\/www.circuitricardotormo.com\/ca\/wp-json\/wp\/v2\/comments?post=19942"}],"version-history":[{"count":0,"href":"https:\/\/www.circuitricardotormo.com\/ca\/wp-json\/wp\/v2\/posts\/19942\/revisions"}],"wp:featuredmedia":[{"embeddable":true,"href":"https:\/\/www.circuitricardotormo.com\/ca\/wp-json\/wp\/v2\/media\/15565"}],"wp:attachment":[{"href":"https:\/\/www.circuitricardotormo.com\/ca\/wp-json\/wp\/v2\/media?parent=19942"}],"wp:term":[{"taxonomy":"category","embeddable":true,"href":"https:\/\/www.circuitricardotormo.com\/ca\/wp-json\/wp\/v2\/categories?post=19942"},{"taxonomy":"post_tag","embeddable":true,"href":"https:\/\/www.circuitricardotormo.com\/ca\/wp-json\/wp\/v2\/tags?post=19942"}],"curies":[{"name":"wp","href":"https:\/\/api.w.org\/{rel}","templated":true}]}}