{"id":19943,"date":"2019-10-04T13:08:52","date_gmt":"2019-10-04T13:08:52","guid":{"rendered":"https:\/\/www.circuitricardotormo.com\/el-ii-gp-de-valencia-de-ciclisme-adaptat-es-consolida-amb-la-unio-dunlimited-wheels-i-esport-de-la-generalitat\/"},"modified":"2019-10-04T13:16:20","modified_gmt":"2019-10-04T13:16:20","slug":"el-ii-gp-de-valencia-de-ciclisme-adaptat-es-consolida-amb-la-unio-dunlimited-wheels-i-esport-de-la-generalitat","status":"publish","type":"post","link":"https:\/\/www.circuitricardotormo.com\/ca\/el-ii-gp-de-valencia-de-ciclisme-adaptat-es-consolida-amb-la-unio-dunlimited-wheels-i-esport-de-la-generalitat\/","title":{"rendered":"El II GP de Val\u00e8ncia de ciclisme adaptat es consolida amb la uni\u00f3 d\u2019Unlimited Wheels i Esport de la Generalitat"},"content":{"rendered":"<p>El <a href=\"http:\/\/r.control.circuitricardotormo.es\/mk\/cl\/f\/CAqYsiOaXXs2gx2py2JKsxUB2lY6xJWxTHcM3cRAHAOlv6jSzGf9GpJuwLocBEOgwqtUMFqzTSJJqLpS2ClWZ5gg8HICWqJ5zf1P9IMGFi3SdW1EzuSLBrVI4ACFOIVdnjkdamzYGNghQXUVJfLQNYoj-XY461y8yLQtAz9v1k2Q_aUULo8\" target=\"_blank\" rel=\"noopener\">Circuit Ricardo Tormo <\/a>\u00a0acull per segon any consecutiu el II Gran Premi de Val\u00e8ncia, prova valedora de la Copa d\u2019Espanya de Ciclisme Adaptat amb una destacada participaci\u00f3 de campions paral\u00edmpics i del m\u00f3n. L\u2019esdeveniment est\u00e0 organitzat pel club Unlimited Wheels amb la col\u00b7laboraci\u00f3 de la Conselleria d\u2019Educaci\u00f3, Cultura i Esport.<\/p>\n<p><a class=\"lightbox\" href=\"https:\/\/clonecircuit.wpengine.com\/wp-content\/uploads\/2019\/09\/Ciclismo-adaptado.jpg\" target=\"_blank\" rel=\"noopener\"><img decoding=\"async\" class=\"wp-image-26956 alignleft\" src=\"https:\/\/clonecircuit.wpengine.com\/wp-content\/uploads\/2019\/09\/Ciclismo-adaptado-1170x731.jpg\" alt=\"Unlimited Wheels\" width=\"264\" height=\"165\" \/><\/a><\/p>\n<p>\u201cAmb la finalitat de consolidar la prova al Circuit i posar en valor el ciclisme adaptat, Esport de la Generalitat ha concedit una ajuda al club Unlimited Wheels per a la celebraci\u00f3 d\u2019aquest esdeveniment que \u00e9s exemple de superaci\u00f3, organitzaci\u00f3 i conviv\u00e8ncia social\u201d, ha explicat el director general d\u2019Esport, Josep Miquel Moya.<\/p>\n<p>Ruth Aguilar ha volgut agrair el \u201csuport d\u2019Esport de la Generalitat per a fer possible l\u2019impuls de l\u2019esport adaptat i la consolidaci\u00f3 del campionat. No nom\u00e9s s\u2019hi han implicat com a instituci\u00f3, sin\u00f3 tamb\u00e9 moralment, i aix\u00f2 ajuda a seguir lluitant i treballant\u201d.<\/p>\n<p><a class=\"lightbox\" href=\"https:\/\/clonecircuit.wpengine.com\/wp-content\/uploads\/wp-social\/facebook\/107132469324932\/2018\/06\/LOGOUW2.png\" target=\"_blank\" rel=\"noopener\"><img decoding=\"async\" class=\"wp-image-18734  alignright\" src=\"https:\/\/clonecircuit.wpengine.com\/wp-content\/uploads\/wp-social\/facebook\/107132469324932\/2018\/06\/LOGOUW2.png\" alt=\"\" width=\"355\" height=\"71\" \/><\/a><\/p>\n<p>\u201cSempre he trobat suport durant la meua carrera, i en els \u00faltims anys l\u2019esport adaptat ha crescut molt, ara \u00e9s molt m\u00e9s visible i tenim molts referents valencians com Ricardo Ten, Maurice Eckhard o M\u00f3nica Merenciano, que han donat un impuls a l\u2019esport adaptat\u201d, ha afegit Ruth Aguilar.<\/p>\n<p><strong>\u00a0<\/strong><\/p>\n<p>L\u2019atleta paral\u00edmpica Ruth Aguilar (Torrent, 1975) \u00e9s la impulsora i directora del projecte Unlimited Wheels, un club de ciclisme adaptat que naix amb l\u2019objectiu de fomentar la seua pr\u00e0ctica i augmentar el nombre de dones implicades en aquest esport. L\u2019equip de gesti\u00f3 del club promotor d\u2019esdeveniments de ciclisme adaptat, 100 % femen\u00ed i valenci\u00e0, ha consolidat el II GP de Val\u00e8ncia i pret\u00e9n consolidar a la ciutat altres proves estatals i mundials. Unlimited Wheels t\u00e9 tamb\u00e9 el suport de la Fundaci\u00f3 Trinidad Alfonso i \u00e9s un projecte seleccionat pel Consell Superior d\u2019Esports dins del programa estatal \u2018Deporte inclusivo\u2019.<\/p>\n<p>\u201cUnlimited Wheels naix de les ganes de fer alguna cosa per i per a la societat, per a fomentar la inclusi\u00f3, la conviv\u00e8ncia en la societat i la vida saludable, al mateix temps que es promouen els valors de l\u2019esport. Tinc la necessitat de tornar-li a l\u2019esport adaptat tot el que m\u2019ha donat durant aquests anys\u201d, explica Aguilar.<\/p>\n<p>La torrentina ha estat lligada a l\u2019esport des de ben menuda, quan es va iniciar en el m\u00f3n de l\u2019handbol en el seu municipi, on prompte va comen\u00e7ar a despuntar en les categories inferiors. Per\u00f2, malauradament, quan tenia 18 anys va sofrir un accident de tr\u00e0nsit que li va canviar la vida. El seu coratge, la lluita constant i la passi\u00f3 per l\u2019esport li han perm\u00e9s superar tots i cada un dels obstacles que se li han creuat en el cam\u00ed. Ruth Aguilar encarna perfectament els valors de l\u2019esport: humilitat, perseveran\u00e7a i esfor\u00e7.<\/p>\n<p><a class=\"lightbox\" href=\"https:\/\/clonecircuit.wpengine.com\/wp-content\/uploads\/wp-social\/facebook\/107132469324932\/2019\/09\/2-carrera-dsc0132_xl.jpg\" target=\"_blank\" rel=\"noopener\"><img fetchpriority=\"high\" decoding=\"async\" class=\"wp-image-26918 alignleft\" src=\"https:\/\/clonecircuit.wpengine.com\/wp-content\/uploads\/wp-social\/facebook\/107132469324932\/2019\/09\/2-carrera-dsc0132_xl.jpg\" alt=\"\" width=\"260\" height=\"198\" \/><\/a><\/p>\n<p>\u201cL\u2019esport m\u2019ha ensenyat a traure la meua capacitat de superaci\u00f3 per a afrontar cada obstacle i lluitar pels meus objectius i somnis. Soc mare de 3 fills i, junt amb l\u2019esport, s\u00f3n el motor de la meua vida\u201d, assenyala Ruth Aguilar, una figura clau en l\u2019obertura i reconeixement de l\u2019esport adaptat femen\u00ed, ja que ha practicat diferents modalitats com b\u00e0squet, nataci\u00f3, vela, atletisme o halterof\u00edlia. La seua perseveran\u00e7a i amor per l\u2019esport li van obrir les portes dels Jocs Paral\u00edmpics de Londres 2012, en qu\u00e8 va arribar a la final en la prova de javelina. Com a reconeixement, se li va concedir la Medalla de la Generalitat al M\u00e8rit Esportiu.<\/p>\n<p>Allunyada ja de la competici\u00f3 d\u2019alt nivell, ha comen\u00e7at una nova etapa en les oficines, per\u00f2 sense separar-se del m\u00f3n de l\u2019esport. Amb la convicci\u00f3 d\u2019ajudar altres esportistes adaptats i treballar per una inclusi\u00f3 real, ha donat impuls, junt amb l\u2019equip Unlimited Wheels, a esdeveniments tan importants com la celebraci\u00f3 del II GP Val\u00e8ncia de Ciclisme Adaptat a Cheste. \u201cEl Circuit \u00e9s un dels millors llocs per a disputar una copa d\u2019Espanya de ciclisme adaptat. Per als esportistes \u00e9s emocionant c\u00f3rrer ac\u00ed, i aix\u00f2 fa la prova m\u00e9s atractiva a escala esportiva i tur\u00edstica\u201d, explica la torrentina.<\/p>\n<p>A m\u00e9s, enguany la competici\u00f3 presenta una atractiva novetat. Despr\u00e9s de les dues carreres programades, la recta del Circuit acollir\u00e0 l\u2019intent d\u2019aconseguir el r\u00e8cord de velocitat sobre cadira de rodes, amb un prototip exclusiu totalment valenci\u00e0.<\/p>\n","protected":false},"excerpt":{"rendered":"<p>El Circuit Ricardo Tormo \u00a0acull per segon any consecutiu el II Gran Premi de Val\u00e8ncia, prova valedora de la Copa d\u2019Espanya de Ciclisme Adaptat amb una destacada participaci\u00f3 de campions paral\u00edmpics i del m\u00f3n. L\u2019esdeveniment est\u00e0 organitzat pel club Unlimited Wheels amb la col\u00b7laboraci\u00f3 de la Conselleria d\u2019Educaci\u00f3, Cultura i Esport. \u201cAmb la finalitat de [&hellip;]<\/p>\n","protected":false},"author":1,"featured_media":17194,"comment_status":"closed","ping_status":"open","sticky":false,"template":"","format":"standard","meta":{"_acf_changed":false,"footnotes":""},"categories":[821],"tags":[],"class_list":["post-19943","post","type-post","status-publish","format-standard","has-post-thumbnail","hentry","category-noticias-val"],"acf":[],"_links":{"self":[{"href":"https:\/\/www.circuitricardotormo.com\/ca\/wp-json\/wp\/v2\/posts\/19943","targetHints":{"allow":["GET"]}}],"collection":[{"href":"https:\/\/www.circuitricardotormo.com\/ca\/wp-json\/wp\/v2\/posts"}],"about":[{"href":"https:\/\/www.circuitricardotormo.com\/ca\/wp-json\/wp\/v2\/types\/post"}],"author":[{"embeddable":true,"href":"https:\/\/www.circuitricardotormo.com\/ca\/wp-json\/wp\/v2\/users\/1"}],"replies":[{"embeddable":true,"href":"https:\/\/www.circuitricardotormo.com\/ca\/wp-json\/wp\/v2\/comments?post=19943"}],"version-history":[{"count":0,"href":"https:\/\/www.circuitricardotormo.com\/ca\/wp-json\/wp\/v2\/posts\/19943\/revisions"}],"wp:featuredmedia":[{"embeddable":true,"href":"https:\/\/www.circuitricardotormo.com\/ca\/wp-json\/wp\/v2\/media\/17194"}],"wp:attachment":[{"href":"https:\/\/www.circuitricardotormo.com\/ca\/wp-json\/wp\/v2\/media?parent=19943"}],"wp:term":[{"taxonomy":"category","embeddable":true,"href":"https:\/\/www.circuitricardotormo.com\/ca\/wp-json\/wp\/v2\/categories?post=19943"},{"taxonomy":"post_tag","embeddable":true,"href":"https:\/\/www.circuitricardotormo.com\/ca\/wp-json\/wp\/v2\/tags?post=19943"}],"curies":[{"name":"wp","href":"https:\/\/api.w.org\/{rel}","templated":true}]}}