{"id":19959,"date":"2020-02-24T14:48:38","date_gmt":"2020-02-24T14:48:38","guid":{"rendered":"https:\/\/www.circuitricardotormo.com\/el-circuit-celebra-aquest-cap-de-setmana-la-seua-concentracio-de-vehicles-classics\/"},"modified":"2020-02-24T14:48:38","modified_gmt":"2020-02-24T14:48:38","slug":"el-circuit-celebra-aquest-cap-de-setmana-la-seua-concentracio-de-vehicles-classics","status":"publish","type":"post","link":"https:\/\/www.circuitricardotormo.com\/ca\/el-circuit-celebra-aquest-cap-de-setmana-la-seua-concentracio-de-vehicles-classics\/","title":{"rendered":"El Circuit celebra aquest cap de setmana la seua concentraci\u00f3 de vehicles cl\u00e0ssics"},"content":{"rendered":"<p>El <strong>Circuit Ricardo Tormo<\/strong> celebra aquest cap de setmana la setena edici\u00f3 del Racing Legends, la concentraci\u00f3 de vehicles cl\u00e0ssics que cada any obri el calendari de carreres de Cheste.<\/p>\n<p>Dues jornades en les quals els vehicles d\u2019\u00e8poca prenen la pista i el p\u00e0doc del circuit amb exhibicions i tamb\u00e9 amb competici\u00f3. Durant el <strong>Racing Legends<\/strong> se celebraran carreres del Trofeu de Regularitat de la Comunitat Valenciana, del Historic Endurance, del Campionat d\u2019Espanya de Motos Cl\u00e0ssiques i de la International Classic Gran Pix, un certamen europeu amb motos cl\u00e0ssiques de competici\u00f3.<\/p>\n<p><a class=\"lightbox\" href=\"https:\/\/clonecircuit.wpengine.com\/wp-content\/uploads\/2020\/02\/256-x-168mm-alta.png\" target=\"_blank\" rel=\"noopener\"><img fetchpriority=\"high\" decoding=\"async\" class=\"wp-image-28511 aligncenter\" src=\"https:\/\/clonecircuit.wpengine.com\/wp-content\/uploads\/2020\/02\/256-x-168mm-alta-1170x731.png\" alt=\"\" width=\"623\" height=\"389\" \/><\/a><\/p>\n<p>A m\u00e9s, se celebrar\u00e0 el <strong>Trofeu Paco Gonz\u00e1lez<\/strong> amb un bon nombre de motos de competici\u00f3 anteriors a 1994 amb especial atenci\u00f3 a les Kawasaki de Gran Premi i al pilot sud-afric\u00e0 quatre vegades campi\u00f3 del m\u00f3n Kork Ballington que \u00e9s l\u2019estrela convidada a l\u2019esdeveniment.<\/p>\n<p><strong>Mercat modernista<\/strong><\/p>\n<p>Entre les activitats, carreres i exposicions destaca una novetat en el programa. Per primera vegada el Racing Legends, en col\u00b7laboraci\u00f3 amb la companyia <strong>La Fragua de Vulcano<\/strong>, ofereix una completa programaci\u00f3 d\u2019activitats d\u2019oci per a tota la fam\u00edlia centrada en l\u2019\u00e8poca del modernisme valenci\u00e0.<\/p>\n<p>Les entrades per a assistir al Racing Legends estan a la venda en la p\u00e0gina web oficial del Circuit <u><a href=\"http:\/\/clonecircuit.wpengine.com\/\" target=\"_blank\" rel=\"noopener\">clonecircuit.wpengine.com<\/a><\/u> i tamb\u00e9 s les taquilles del Circuit tant el dissabte com el diumenge a partir de les 9.00 hores. El preu de l\u2019abonament per als dos dies \u00e9s de 15 euros i l\u2019entrada \u00fanica d\u2019un dia \u00e9s de 10 euros.<\/p>\n","protected":false},"excerpt":{"rendered":"<p>El Circuit Ricardo Tormo celebra aquest cap de setmana la setena edici\u00f3 del Racing Legends, la concentraci\u00f3 de vehicles cl\u00e0ssics que cada any obri el calendari de carreres de Cheste. Dues jornades en les quals els vehicles d\u2019\u00e8poca prenen la pista i el p\u00e0doc del circuit amb exhibicions i tamb\u00e9 amb competici\u00f3. Durant el Racing [&hellip;]<\/p>\n","protected":false},"author":1,"featured_media":13194,"comment_status":"closed","ping_status":"open","sticky":false,"template":"","format":"standard","meta":{"_acf_changed":false,"footnotes":""},"categories":[821],"tags":[152],"class_list":["post-19959","post","type-post","status-publish","format-standard","has-post-thumbnail","hentry","category-noticias-val","tag-entradas"],"acf":[],"_links":{"self":[{"href":"https:\/\/www.circuitricardotormo.com\/ca\/wp-json\/wp\/v2\/posts\/19959","targetHints":{"allow":["GET"]}}],"collection":[{"href":"https:\/\/www.circuitricardotormo.com\/ca\/wp-json\/wp\/v2\/posts"}],"about":[{"href":"https:\/\/www.circuitricardotormo.com\/ca\/wp-json\/wp\/v2\/types\/post"}],"author":[{"embeddable":true,"href":"https:\/\/www.circuitricardotormo.com\/ca\/wp-json\/wp\/v2\/users\/1"}],"replies":[{"embeddable":true,"href":"https:\/\/www.circuitricardotormo.com\/ca\/wp-json\/wp\/v2\/comments?post=19959"}],"version-history":[{"count":0,"href":"https:\/\/www.circuitricardotormo.com\/ca\/wp-json\/wp\/v2\/posts\/19959\/revisions"}],"wp:featuredmedia":[{"embeddable":true,"href":"https:\/\/www.circuitricardotormo.com\/ca\/wp-json\/wp\/v2\/media\/13194"}],"wp:attachment":[{"href":"https:\/\/www.circuitricardotormo.com\/ca\/wp-json\/wp\/v2\/media?parent=19959"}],"wp:term":[{"taxonomy":"category","embeddable":true,"href":"https:\/\/www.circuitricardotormo.com\/ca\/wp-json\/wp\/v2\/categories?post=19959"},{"taxonomy":"post_tag","embeddable":true,"href":"https:\/\/www.circuitricardotormo.com\/ca\/wp-json\/wp\/v2\/tags?post=19959"}],"curies":[{"name":"wp","href":"https:\/\/api.w.org\/{rel}","templated":true}]}}