{"id":19967,"date":"2020-06-15T13:09:29","date_gmt":"2020-06-15T13:09:29","guid":{"rendered":"https:\/\/www.circuitricardotormo.com\/el-circuit-celebrara-dos-grans-premis-els-dies-8-i-15-de-novembre\/"},"modified":"2020-06-15T13:09:29","modified_gmt":"2020-06-15T13:09:29","slug":"el-circuit-celebrara-dos-grans-premis-els-dies-8-i-15-de-novembre","status":"publish","type":"post","link":"https:\/\/www.circuitricardotormo.com\/ca\/el-circuit-celebrara-dos-grans-premis-els-dies-8-i-15-de-novembre\/","title":{"rendered":"El Circuit celebrar\u00e0 dos grans premis els dies 8 i 15 de novembre"},"content":{"rendered":"<p>El Circuit Ricardo Tormo torna a ser clau en el Campionat del M\u00f3n de Motociclisme 2020. Cheste ser\u00e0 la seu de les dues \u00faltimes cites de MotoGP els dies 8 i 15 de novembre segons el calendari europeu que ha sigut anunciat hui.<\/p>\n<p><a class=\"lightbox\" href=\"https:\/\/clonecircuit.wpengine.com\/wp-content\/uploads\/2020\/06\/calendario-MotoGP-2020-Circuit-Ricardo-Tormo.jpg\" target=\"_blank\" rel=\"noopener\"><img fetchpriority=\"high\" decoding=\"async\" class=\"wp-image-29814 alignleft\" src=\"https:\/\/clonecircuit.wpengine.com\/wp-content\/uploads\/2020\/06\/calendario-MotoGP-2020-Circuit-Ricardo-Tormo.jpg\" alt=\"\" width=\"442\" height=\"442\" \/><\/a>El mundial es reiniciar\u00e0 a porta tancada al circuit de Jerez els pr\u00f2xims dies 19 i 26 de juliol amb dues proves consecutives. Posteriorment se celebraran carreres als circuits de Brno (Rep\u00fablica Txeca), a Red Bull Ring (\u00c0ustria), a Misano (It\u00e0lia), a Le Mans (Fran\u00e7a), i als circuits espanyols de Barcelona-Catalunya i Motorland Arag\u00f3. Les \u00faltimes cites anunciades s\u00f3n el Gran Premi d\u2019Europa per als dies 6, 7 i 8 de novembre i el Gran Premi de la Comunitat Valenciana, els dies 14, 15 i 16 de novembre que tancaran el campionat a Cheste.<\/p>\n<p>La proposta deixa en l\u2019aire la possibilitat de c\u00f3rrer alguna de les carreres programades fora d\u2019Europa que encara no han sigut cancel\u00b7lades, com \u00e9s en el cas de les proves d\u2019Argentina, els Estats Units, Tail\u00e0ndia i Mal\u00e0isia. No obstant aix\u00f2, solament se celebraran si les autoritats sanit\u00e0ries de cadascun dels pa\u00efsos permeten la celebraci\u00f3 dels esdeveniments amb p\u00fablic a les graderies.<\/p>\n<p><strong>Acc\u00e9s d\u2019aficionats<\/strong><\/p>\n<p>Tal com va succeir amb els primers canvis de data el mes de mar\u00e7, el Circuit Ricardo Tormo obri la possibilitat als aficionats que vulguen sol\u00b7licitar la devoluci\u00f3 dels diners de les seues entrades ja adquirides.<\/p>\n<p>En funci\u00f3 de l\u2019evoluci\u00f3 de la pand\u00e8mia, i sempre tenint en compte la decisi\u00f3 de les autoritats sanit\u00e0ries sobre aquest tema, tant el Gran Premi d\u2019Europa com el Gran Premi de la Comunitat Valenciana es podrien celebrar amb p\u00fablic a les graderies<\/p>\n<p><strong>Ja pots solicitar la devoluci\u00f3 de les entrades des de l&#8217;1 fins al 31 d&#8217;Octubre <a href=\"https:\/\/clonecircuit.wpengine.com\/formulario-devolucion-entradas-gran-premio-de-la-comunitat-valenciana-2020\/\" target=\"_blank\" rel=\"noopener\"><span style=\"color: #ff6600;\">(M\u00e9s informaci\u00f3)<\/span><\/a><\/strong><\/p>\n<p>&nbsp;<\/p>\n<p><img decoding=\"async\" class=\"aligncenter wp-image-29817 size-full\" src=\"https:\/\/clonecircuit.wpengine.com\/wp-content\/uploads\/2020\/06\/new-calendar-2020-2.big_.jpg\" alt=\"\" width=\"1200\" height=\"800\" \/><\/p>\n","protected":false},"excerpt":{"rendered":"<p>El Circuit Ricardo Tormo torna a ser clau en el Campionat del M\u00f3n de Motociclisme 2020. Cheste ser\u00e0 la seu de les dues \u00faltimes cites de MotoGP els dies 8 i 15 de novembre segons el calendari europeu que ha sigut anunciat hui. El mundial es reiniciar\u00e0 a porta tancada al circuit de Jerez els [&hellip;]<\/p>\n","protected":false},"author":1,"featured_media":12465,"comment_status":"closed","ping_status":"open","sticky":false,"template":"","format":"standard","meta":{"_acf_changed":false,"footnotes":""},"categories":[821],"tags":[153,363],"class_list":["post-19967","post","type-post","status-publish","format-standard","has-post-thumbnail","hentry","category-noticias-val","tag-gran-premio","tag-valenciagp"],"acf":[],"_links":{"self":[{"href":"https:\/\/www.circuitricardotormo.com\/ca\/wp-json\/wp\/v2\/posts\/19967","targetHints":{"allow":["GET"]}}],"collection":[{"href":"https:\/\/www.circuitricardotormo.com\/ca\/wp-json\/wp\/v2\/posts"}],"about":[{"href":"https:\/\/www.circuitricardotormo.com\/ca\/wp-json\/wp\/v2\/types\/post"}],"author":[{"embeddable":true,"href":"https:\/\/www.circuitricardotormo.com\/ca\/wp-json\/wp\/v2\/users\/1"}],"replies":[{"embeddable":true,"href":"https:\/\/www.circuitricardotormo.com\/ca\/wp-json\/wp\/v2\/comments?post=19967"}],"version-history":[{"count":0,"href":"https:\/\/www.circuitricardotormo.com\/ca\/wp-json\/wp\/v2\/posts\/19967\/revisions"}],"wp:featuredmedia":[{"embeddable":true,"href":"https:\/\/www.circuitricardotormo.com\/ca\/wp-json\/wp\/v2\/media\/12465"}],"wp:attachment":[{"href":"https:\/\/www.circuitricardotormo.com\/ca\/wp-json\/wp\/v2\/media?parent=19967"}],"wp:term":[{"taxonomy":"category","embeddable":true,"href":"https:\/\/www.circuitricardotormo.com\/ca\/wp-json\/wp\/v2\/categories?post=19967"},{"taxonomy":"post_tag","embeddable":true,"href":"https:\/\/www.circuitricardotormo.com\/ca\/wp-json\/wp\/v2\/tags?post=19967"}],"curies":[{"name":"wp","href":"https:\/\/api.w.org\/{rel}","templated":true}]}}