{"id":19975,"date":"2020-09-24T11:03:37","date_gmt":"2020-09-24T11:03:37","guid":{"rendered":"https:\/\/www.circuitricardotormo.com\/el-circuit-celebra-aquest-cap-de-setmana-el-racing-weekend\/"},"modified":"2020-09-24T11:03:37","modified_gmt":"2020-09-24T11:03:37","slug":"el-circuit-celebra-aquest-cap-de-setmana-el-racing-weekend","status":"publish","type":"post","link":"https:\/\/www.circuitricardotormo.com\/ca\/el-circuit-celebra-aquest-cap-de-setmana-el-racing-weekend\/","title":{"rendered":"El Circuit celebra aquest cap de setmana el Racing Weekend"},"content":{"rendered":"<p>El <span style=\"color: #ff6600;\"><strong>Circuit Ricardo Tormo<\/strong><\/span> celebra aquest cap de setmana el primer <strong>Racing Weekend<\/strong> de la temporada organitzat per la <strong>Real Federaci\u00f3 Espanyola d\u2019Automobilisme<\/strong>. L\u2019esdeveniment tindr\u00e0 lloc a porta tancada amb motiu de la pand\u00e8mia de la COVID-19 que ha obligat a posar especials mesures de seguretat a l\u2019organitzaci\u00f3.<\/p>\n<p>El Campionat d\u2019Espanya de F\u00f3rmula 4, la Clio Cup i el Campionat de Velocitat de la Comunitat Valenciana seran les competicions convocades en el Racing Weekend que inicia la seua segona temporada de vida.<\/p>\n<p><a class=\"lightbox\" href=\"https:\/\/clonecircuit.wpengine.com\/wp-content\/uploads\/2020\/03\/BAR_SF4_KN-6065.jpg\" target=\"_blank\" rel=\"noopener\"><img decoding=\"async\" class=\"wp-image-28707 alignleft\" src=\"https:\/\/clonecircuit.wpengine.com\/wp-content\/uploads\/2020\/03\/BAR_SF4_KN-6065-1170x731.jpg\" alt=\"\" width=\"218\" height=\"136\" \/><\/a><\/p>\n<p>La <strong>F\u00f3rmula 4<\/strong> reunir\u00e0 un total de 21 pilots d\u2019onze nacionalitats en un certamen que suposa el primer pas dels joves pilots en circuits de gran premi despr\u00e9s del seu pas pel k\u00e0rting. En la llista d\u2019inscrits destaca la participaci\u00f3 dels dos joves pilots de la F\u00f3rmula de Campions, Carles Mart\u00ednez i Quique Bords, ambd\u00f3s pilots de formaci\u00f3 al Centre de Tecnificaci\u00f3 del Circuit Ricardo Tormo.<\/p>\n<p>La<strong> Clio Cup<\/strong> disposa, per la seua banda, de 13 cotxes en la graella i celebrar\u00e0 la segona cita del seu campionat despr\u00e9s de l\u2019inici a Nogaro (Fran\u00e7a). Altres 19 cotxes prendran l\u2019eixida en el <strong>Campionat de Velocitat de la Comunitat Valenciana<\/strong>.<\/p>\n<p>L\u2019activitat comen\u00e7ar\u00e0 divendres a la vesprada amb les verificacions t\u00e8cniques de la Clio Cup i de la F\u00f3rmula 4. Dissabte 26 de setembre tindran lloc els entrenaments lliures i cronometrats, i a la vesprada, a partir de les 15.05, es disputaran les primeres carreres.<\/p>\n<p><a class=\"lightbox\" href=\"https:\/\/clonecircuit.wpengine.com\/wp-content\/uploads\/2020\/09\/18-valencia-cliocup-18-18-scaled.jpg\" target=\"_blank\" rel=\"noopener\"><img fetchpriority=\"high\" decoding=\"async\" class=\"wp-image-30083 alignright\" src=\"https:\/\/clonecircuit.wpengine.com\/wp-content\/uploads\/2020\/09\/18-valencia-cliocup-18-18-1170x731.jpg\" alt=\"\" width=\"441\" height=\"275\" \/><\/a><\/p>\n<p>En la jornada del diumenge se celebrar\u00e0 la segona m\u00e0nega de la Clio Cup i la segona i la tercera carrera del Campionat d\u2019Espanya de F\u00f3rmula 4, aix\u00ed com els entrenaments i les dues carreres del Campionat de Velocitat de la Comunitat Valenciana.<\/p>\n<p>El p\u00fablic tindr\u00e0 l\u2019oportunitat de seguir tota l\u2019acci\u00f3 a trav\u00e9s de la retransmissi\u00f3 via \u2018streaming\u2019 de <strong>LaLigaSports TV<\/strong>, ja que l\u2019esdeveniment se celebrar\u00e0 a porta tancada.<\/p>\n<p>.<\/p>\n<p style=\"text-align: center;\"><a href=\"https:\/\/clonecircuit.wpengine.com\/wp-content\/uploads\/2020\/09\/HORARIO-RW-VALENCIA-v-5.pdf\" target=\"_blank\" rel=\"noopener\"><strong>HORARIS<\/strong><\/a><\/p>\n","protected":false},"excerpt":{"rendered":"<p>El Circuit Ricardo Tormo celebra aquest cap de setmana el primer Racing Weekend de la temporada organitzat per la Real Federaci\u00f3 Espanyola d\u2019Automobilisme. L\u2019esdeveniment tindr\u00e0 lloc a porta tancada amb motiu de la pand\u00e8mia de la COVID-19 que ha obligat a posar especials mesures de seguretat a l\u2019organitzaci\u00f3. El Campionat d\u2019Espanya de F\u00f3rmula 4, la [&hellip;]<\/p>\n","protected":false},"author":1,"featured_media":13925,"comment_status":"closed","ping_status":"open","sticky":false,"template":"","format":"standard","meta":{"_acf_changed":false,"footnotes":""},"categories":[821],"tags":[613,207],"class_list":["post-19975","post","type-post","status-publish","format-standard","has-post-thumbnail","hentry","category-noticias-val","tag-formula-4","tag-formula-de-campeones"],"acf":[],"_links":{"self":[{"href":"https:\/\/www.circuitricardotormo.com\/ca\/wp-json\/wp\/v2\/posts\/19975","targetHints":{"allow":["GET"]}}],"collection":[{"href":"https:\/\/www.circuitricardotormo.com\/ca\/wp-json\/wp\/v2\/posts"}],"about":[{"href":"https:\/\/www.circuitricardotormo.com\/ca\/wp-json\/wp\/v2\/types\/post"}],"author":[{"embeddable":true,"href":"https:\/\/www.circuitricardotormo.com\/ca\/wp-json\/wp\/v2\/users\/1"}],"replies":[{"embeddable":true,"href":"https:\/\/www.circuitricardotormo.com\/ca\/wp-json\/wp\/v2\/comments?post=19975"}],"version-history":[{"count":0,"href":"https:\/\/www.circuitricardotormo.com\/ca\/wp-json\/wp\/v2\/posts\/19975\/revisions"}],"wp:featuredmedia":[{"embeddable":true,"href":"https:\/\/www.circuitricardotormo.com\/ca\/wp-json\/wp\/v2\/media\/13925"}],"wp:attachment":[{"href":"https:\/\/www.circuitricardotormo.com\/ca\/wp-json\/wp\/v2\/media?parent=19975"}],"wp:term":[{"taxonomy":"category","embeddable":true,"href":"https:\/\/www.circuitricardotormo.com\/ca\/wp-json\/wp\/v2\/categories?post=19975"},{"taxonomy":"post_tag","embeddable":true,"href":"https:\/\/www.circuitricardotormo.com\/ca\/wp-json\/wp\/v2\/tags?post=19975"}],"curies":[{"name":"wp","href":"https:\/\/api.w.org\/{rel}","templated":true}]}}