{"id":19983,"date":"2020-12-02T12:30:00","date_gmt":"2020-12-02T12:30:00","guid":{"rendered":"https:\/\/www.circuitricardotormo.com\/tot-en-joc-per-al-tancament-de-la-temporada-de-la-nascar-europea-a-valencia\/"},"modified":"2020-12-02T12:30:00","modified_gmt":"2020-12-02T12:30:00","slug":"tot-en-joc-per-al-tancament-de-la-temporada-de-la-nascar-europea-a-valencia","status":"publish","type":"post","link":"https:\/\/www.circuitricardotormo.com\/ca\/tot-en-joc-per-al-tancament-de-la-temporada-de-la-nascar-europea-a-valencia\/","title":{"rendered":"Tot en joc per al tancament de la temporada de la NASCAR europea a Val\u00e8ncia"},"content":{"rendered":"<p>El <span style=\"color: #ff6600;\"><strong>Circuit Ricardo Tormo <\/strong><\/span>celebra aquest cap de setmana el Super Speedweek, el coronament final de la temporada 2020 de les NASCAR Whelen Euroseries. L\u2019esdeveniment se celebrar\u00e0 a porta tancada i ser\u00e0 retransm\u00e9s a trav\u00e9s de \u2018streaming\u2019 en les xarxes socials del Circuit.<\/p>\n<p>Un total de 44 pilots i 23 equips van participar en el GP d\u2019Espanya de NASCAR i en les finals EuroNASCAR amb tots els t\u00edtols en joc. Despr\u00e9s d\u2019allotjar les semifinals en 2012 i l\u2019obertura de la temporada durant sis temporades consecutives, el Circuit Ricardo Tormo ser\u00e0 la seu de les finals d\u2019EuroNASCAR per primera vegada.<\/p>\n<p><a class=\"lightbox\" href=\"https:\/\/clonecircuit.wpengine.com\/wp-content\/uploads\/2020\/12\/Alon-Day-gana-en-Croacia-scaled.jpg\" target=\"_blank\" rel=\"noopener\"><img fetchpriority=\"high\" decoding=\"async\" class=\"wp-image-30943 alignleft\" src=\"https:\/\/clonecircuit.wpengine.com\/wp-content\/uploads\/2020\/12\/Alon-Day-gana-en-Croacia-1170x731.jpg\" alt=\"\" width=\"556\" height=\"347\" \/><\/a><\/p>\n<p>En EuroNASCAR PRO, l\u2019israeli\u00e0 Alon Day encap\u00e7ala la classificaci\u00f3 de punts de la temporada. El pilot de PK Carsport va guanyar tres vegades a Val\u00e8ncia en el passat, incloses dues vict\u00f2ries consecutives en 2018, i t\u00e9 un avantatge de 14 punts sobre Lasse Soeresen de DF1 Racing. Amb les 2 \u2018pole position\u2019 i la seua vict\u00f2ria a Zolder, l\u2019actual campi\u00f3 d\u2019EuroNASCAR 2 definitivament va demostrar el seu potencial per al t\u00edtol i ocupa el primer lloc en el Trofeu J\u00fanior.<\/p>\n<p>Huit punts m\u00e9s arrere, Gianmarco Ercoli juntament amb el campi\u00f3 de 2019 Loris Hezemans i Stienes Longin formen un grup estret, seguits de Marc Goossens, Francesco Sini, Lucas Lasserre, Nicolo Rocca i el l\u00edder del Trofeu Challenger Mauro Trione. Amb 264 punts en joc en els dos \u00faltims esdeveniments de la temporada, qualsevol cosa pot passar en la Super Speedweek en la qual reapareix l\u2019espanyol Ander Vilari\u00f1o doble guanyador l\u2019any passat a Val\u00e8ncia.<\/p>\n<p>A pesar que l\u2019esdeveniment se celebrar\u00e0 sense p\u00fablic a causa de les restriccions per a contrarestar la propagaci\u00f3 de la pand\u00e8mia de la COVID-19, els aficionats podran gaudir de tota l\u2019acci\u00f3 en les plataformes de xarxes socials tant del Circuit Ricardo Tormo com d\u2019EuroNASCAR. Les huit carreres des del divendres fins al diumenge es transmetran en directe.<\/p>\n<p>&nbsp;<\/p>\n","protected":false},"excerpt":{"rendered":"<p>El Circuit Ricardo Tormo celebra aquest cap de setmana el Super Speedweek, el coronament final de la temporada 2020 de les NASCAR Whelen Euroseries. L\u2019esdeveniment se celebrar\u00e0 a porta tancada i ser\u00e0 retransm\u00e9s a trav\u00e9s de \u2018streaming\u2019 en les xarxes socials del Circuit. Un total de 44 pilots i 23 equips van participar en el [&hellip;]<\/p>\n","protected":false},"author":1,"featured_media":14410,"comment_status":"closed","ping_status":"open","sticky":false,"template":"","format":"standard","meta":{"_acf_changed":false,"footnotes":""},"categories":[821],"tags":[166],"class_list":["post-19983","post","type-post","status-publish","format-standard","has-post-thumbnail","hentry","category-noticias-val","tag-nascar"],"acf":[],"_links":{"self":[{"href":"https:\/\/www.circuitricardotormo.com\/ca\/wp-json\/wp\/v2\/posts\/19983","targetHints":{"allow":["GET"]}}],"collection":[{"href":"https:\/\/www.circuitricardotormo.com\/ca\/wp-json\/wp\/v2\/posts"}],"about":[{"href":"https:\/\/www.circuitricardotormo.com\/ca\/wp-json\/wp\/v2\/types\/post"}],"author":[{"embeddable":true,"href":"https:\/\/www.circuitricardotormo.com\/ca\/wp-json\/wp\/v2\/users\/1"}],"replies":[{"embeddable":true,"href":"https:\/\/www.circuitricardotormo.com\/ca\/wp-json\/wp\/v2\/comments?post=19983"}],"version-history":[{"count":0,"href":"https:\/\/www.circuitricardotormo.com\/ca\/wp-json\/wp\/v2\/posts\/19983\/revisions"}],"wp:featuredmedia":[{"embeddable":true,"href":"https:\/\/www.circuitricardotormo.com\/ca\/wp-json\/wp\/v2\/media\/14410"}],"wp:attachment":[{"href":"https:\/\/www.circuitricardotormo.com\/ca\/wp-json\/wp\/v2\/media?parent=19983"}],"wp:term":[{"taxonomy":"category","embeddable":true,"href":"https:\/\/www.circuitricardotormo.com\/ca\/wp-json\/wp\/v2\/categories?post=19983"},{"taxonomy":"post_tag","embeddable":true,"href":"https:\/\/www.circuitricardotormo.com\/ca\/wp-json\/wp\/v2\/tags?post=19983"}],"curies":[{"name":"wp","href":"https:\/\/api.w.org\/{rel}","templated":true}]}}