{"id":19985,"date":"2021-01-11T08:22:44","date_gmt":"2021-01-11T08:22:44","guid":{"rendered":"https:\/\/www.circuitricardotormo.com\/el-circuit-suspen-temporalment-la-seua-activitat-esportiva-amb-motiu-de-la-pandemia\/"},"modified":"2021-01-11T08:22:44","modified_gmt":"2021-01-11T08:22:44","slug":"el-circuit-suspen-temporalment-la-seua-activitat-esportiva-amb-motiu-de-la-pandemia","status":"publish","type":"post","link":"https:\/\/www.circuitricardotormo.com\/ca\/el-circuit-suspen-temporalment-la-seua-activitat-esportiva-amb-motiu-de-la-pandemia\/","title":{"rendered":"El Circuit susp\u00e9n temporalment la seua activitat esportiva amb motiu de la pand\u00e8mia"},"content":{"rendered":"<p>Amb motiu del confinament perimetral del municipi de Cheste, el <strong>Circuit Ricardo Tormo <\/strong>ha susp\u00e9s de manera temporal la seua activitat esportiva fins al 21 de gener, data en qu\u00e8, si la situaci\u00f3 sanit\u00e0ria ho permet, tornar\u00e0 l\u2019acci\u00f3.<\/p>\n<p>Despr\u00e9s del confinament perimetral decretat amb motiu de l\u2019evoluci\u00f3 de la pand\u00e8mia a la localitat de Cheste, s\u2019ha susp\u00e9s tota activitat esportiva en el terme municipal de qu\u00e8 forma part el Circuit Ricardo Tormo, seguint les directrius de la resoluci\u00f3 emesa per la Conselleria de Sanitat Universal i Salut P\u00fablica.<\/p>\n<p>Entre altres, se suspenen les activitats de formaci\u00f3 de les escoles del Circuit de joves pilots tant d\u2019automobilisme i de motociclisme, la Cuna de Campeones i la F\u00f3rmula de Campeones, a m\u00e9s dels entrenaments en pista dels pilots del Centre de Tecnificaci\u00f3 i les activitats de l\u2019escola de conducci\u00f3 Fast Circuit.<\/p>\n<p>El primer esdeveniment de l\u2019any, el Duatl\u00f3 del Circuit, previst per al diumenge 10 de gener, ha sigut susp\u00e9s. A m\u00e9s, han sigut cancel\u00b7lats o ajornats els entrenaments previstos a la pista del Gran Premi per part de diferents escuderies de GT que havien programat els seus entrenaments d\u2019hivern a Cheste i unes rodades de motos d\u2019usuaris privats.<\/p>\n<p>L\u2019acci\u00f3 tornar\u00e0 a la pista Gran Premi el 21 de gener, si la situaci\u00f3 sanit\u00e0ria ho permet, amb totes les mesures de seguretat a disposici\u00f3 dels usuaris de les instal\u00b7lacions del Circuit, que en els mesos previs ja ha posat en marxa les seues activitats complint els protocols de les federacions internacionals i les autoritats sanit\u00e0ries.<\/p>\n<p><strong><a class=\"lightbox\" href=\"https:\/\/clonecircuit.wpengine.com\/wp-content\/uploads\/2021\/01\/IMG_7315.jpg\" target=\"_blank\" rel=\"noopener\"><img fetchpriority=\"high\" decoding=\"async\" class=\"size-large wp-image-31130 aligncenter\" src=\"https:\/\/clonecircuit.wpengine.com\/wp-content\/uploads\/2021\/01\/IMG_7315-1170x731.jpg\" alt=\"\" width=\"1000\" height=\"625\" \/><\/a><\/strong><\/p>\n<p><strong>Obres en la pista<\/strong><\/p>\n<p>Aprofitant la parada obligat\u00f2ria, des del departament de manteniment del Circuit Ricardo Tormo s\u2019han avan\u00e7at els treballs programats a la pista del Gran Premi. Es tracta de diverses actuacions al llarg dels 4.005 metres del tra\u00e7at, per\u00f2 sobretot en l\u2019entrada de la l\u00ednia de boxs, en qu\u00e8 s\u2019ha reformat l\u2019acc\u00e9s per a permetre una variant en la recta que redueix l\u2019espai de gespa i afig seguretat a les barreres que ja hi havia.<\/p>\n<p>Aix\u00ed mateix, s\u2019han culminat les obres d\u2019ampliaci\u00f3 del piano interior del curvone, uns 400 metres quadrats m\u00e9s de superf\u00edcie formigonada per a delimitar l\u2019interior de la pen\u00faltima corba del tra\u00e7at de Cheste i millorar la usabilitat del tra\u00e7at exterior.<\/p>\n<p>Finalment, s\u2019escometen reformes d\u2019altres pianos en la corba 3, en la cinquena i en la corba Bernat Mart\u00ednez per a ajustar-se als requeriments de la Federaci\u00f3 Internacional de Motociclisme. A m\u00e9s, s\u2019aprofitar\u00e0 per a crear les canalitzacions necess\u00e0ries per a poder portar tant el subministrament el\u00e8ctric com l\u00ednies de fibra \u00f2ptica fins als llocs de comissaris al llarg del tra\u00e7at, amb l\u2019objectiu de dotar-los de la senyalitzaci\u00f3 lluminosa que es planeja instal\u00b7lar al llarg de la temporada.<\/p>\n<p>&nbsp;<\/p>\n","protected":false},"excerpt":{"rendered":"<p>Amb motiu del confinament perimetral del municipi de Cheste, el Circuit Ricardo Tormo ha susp\u00e9s de manera temporal la seua activitat esportiva fins al 21 de gener, data en qu\u00e8, si la situaci\u00f3 sanit\u00e0ria ho permet, tornar\u00e0 l\u2019acci\u00f3. Despr\u00e9s del confinament perimetral decretat amb motiu de l\u2019evoluci\u00f3 de la pand\u00e8mia a la localitat de Cheste, [&hellip;]<\/p>\n","protected":false},"author":1,"featured_media":14498,"comment_status":"closed","ping_status":"open","sticky":false,"template":"","format":"standard","meta":{"_acf_changed":false,"footnotes":""},"categories":[821],"tags":[],"class_list":["post-19985","post","type-post","status-publish","format-standard","has-post-thumbnail","hentry","category-noticias-val"],"acf":[],"_links":{"self":[{"href":"https:\/\/www.circuitricardotormo.com\/ca\/wp-json\/wp\/v2\/posts\/19985","targetHints":{"allow":["GET"]}}],"collection":[{"href":"https:\/\/www.circuitricardotormo.com\/ca\/wp-json\/wp\/v2\/posts"}],"about":[{"href":"https:\/\/www.circuitricardotormo.com\/ca\/wp-json\/wp\/v2\/types\/post"}],"author":[{"embeddable":true,"href":"https:\/\/www.circuitricardotormo.com\/ca\/wp-json\/wp\/v2\/users\/1"}],"replies":[{"embeddable":true,"href":"https:\/\/www.circuitricardotormo.com\/ca\/wp-json\/wp\/v2\/comments?post=19985"}],"version-history":[{"count":0,"href":"https:\/\/www.circuitricardotormo.com\/ca\/wp-json\/wp\/v2\/posts\/19985\/revisions"}],"wp:featuredmedia":[{"embeddable":true,"href":"https:\/\/www.circuitricardotormo.com\/ca\/wp-json\/wp\/v2\/media\/14498"}],"wp:attachment":[{"href":"https:\/\/www.circuitricardotormo.com\/ca\/wp-json\/wp\/v2\/media?parent=19985"}],"wp:term":[{"taxonomy":"category","embeddable":true,"href":"https:\/\/www.circuitricardotormo.com\/ca\/wp-json\/wp\/v2\/categories?post=19985"},{"taxonomy":"post_tag","embeddable":true,"href":"https:\/\/www.circuitricardotormo.com\/ca\/wp-json\/wp\/v2\/tags?post=19985"}],"curies":[{"name":"wp","href":"https:\/\/api.w.org\/{rel}","templated":true}]}}