{"id":19992,"date":"2021-05-13T12:49:21","date_gmt":"2021-05-13T12:49:21","guid":{"rendered":"https:\/\/www.circuitricardotormo.com\/el-circuit-celebra-linici-de-les-whelen-nascar-euro-series-2021\/"},"modified":"2021-05-13T12:49:21","modified_gmt":"2021-05-13T12:49:21","slug":"el-circuit-celebra-linici-de-les-whelen-nascar-euro-series-2021","status":"publish","type":"post","link":"https:\/\/www.circuitricardotormo.com\/ca\/el-circuit-celebra-linici-de-les-whelen-nascar-euro-series-2021\/","title":{"rendered":"El Circuit celebra l\u2019inici de les Whelen NASCAR Euro Series 2021"},"content":{"rendered":"<p>El <span style=\"color: #ff6600;\"><strong>Circuit Ricardo Tormo<\/strong><\/span> celebra aquest cap de setmana l\u2019\u00fanica cita a Espanya de les <strong>NASCAR Whelen Euro Series<\/strong>, que inicien la temporada 2021 a Cheste<\/p>\n<p>La versi\u00f3 europea de les populars carreres americanes celebra en el tra\u00e7at valenci\u00e0 dues proves. El divendres tindran lloc els entrenaments lliures, el dissabte els cronometrats i les primeres carreres del cap de setmana, a les 14.00 hores la de la categoria EuroNASCAR Pro i a les 17.00 la d\u2019EuroNASCAR 2. En la jornada de diumenge dues carreres m\u00e9s: la primera a les 10.30 hores per als pilots d\u2019EuroNASCAR 2 i la segona a les 14.30 hores per als pilots EuroNASCAR Pro.<\/p>\n<p>En la llista d\u2019inscrits destaquen dos noms, el del canadenc <strong>Jacques Villeneuve<\/strong>, campi\u00f3 del m\u00f3n de F\u00f3rmula 1 en 1997, de les IndyCar en 1995, any en qu\u00e8 va guanyar les 500 milles d\u2019Indianapolis, i l\u2019israeli\u00e0 <strong>Alon Day<\/strong>, que es va proclamar campi\u00f3 de les Whelen NASCAR Euro Series per tercera vegada l\u2019any passat en les carreres del Circuit Ricardo Tormo.<\/p>\n<p>Tots dos es veuran les cares amb pilots habituals d\u2019aquesta categoria com els francesos <strong>Thomas Ferrando<\/strong> o <strong>Frederic Gabillon<\/strong>, l\u2019itali\u00e0 <strong>Nicolo Rocca<\/strong> o l\u2019holand\u00e9s <strong>Loris Hezemans.<\/strong><\/p>\n<p>L\u2019atenci\u00f3 se centrar\u00e0 en la tribuna de boxs de les instal\u00b7lacions de <strong>Cheste<\/strong>. 440 dies despr\u00e9s de l\u2019\u00faltim esdeveniment amb p\u00fablic, un m\u00e0xim de 2.000 aficionats tornaran a la tribuna de boxs del Circuit amb totes les mesures de seguretat i amb entrada gratu\u00efta.<\/p>\n","protected":false},"excerpt":{"rendered":"<p>El Circuit Ricardo Tormo celebra aquest cap de setmana l\u2019\u00fanica cita a Espanya de les NASCAR Whelen Euro Series, que inicien la temporada 2021 a Cheste La versi\u00f3 europea de les populars carreres americanes celebra en el tra\u00e7at valenci\u00e0 dues proves. El divendres tindran lloc els entrenaments lliures, el dissabte els cronometrats i les primeres [&hellip;]<\/p>\n","protected":false},"author":1,"featured_media":14984,"comment_status":"closed","ping_status":"open","sticky":false,"template":"","format":"standard","meta":{"_acf_changed":false,"footnotes":""},"categories":[821],"tags":[],"class_list":["post-19992","post","type-post","status-publish","format-standard","has-post-thumbnail","hentry","category-noticias-val"],"acf":[],"_links":{"self":[{"href":"https:\/\/www.circuitricardotormo.com\/ca\/wp-json\/wp\/v2\/posts\/19992","targetHints":{"allow":["GET"]}}],"collection":[{"href":"https:\/\/www.circuitricardotormo.com\/ca\/wp-json\/wp\/v2\/posts"}],"about":[{"href":"https:\/\/www.circuitricardotormo.com\/ca\/wp-json\/wp\/v2\/types\/post"}],"author":[{"embeddable":true,"href":"https:\/\/www.circuitricardotormo.com\/ca\/wp-json\/wp\/v2\/users\/1"}],"replies":[{"embeddable":true,"href":"https:\/\/www.circuitricardotormo.com\/ca\/wp-json\/wp\/v2\/comments?post=19992"}],"version-history":[{"count":0,"href":"https:\/\/www.circuitricardotormo.com\/ca\/wp-json\/wp\/v2\/posts\/19992\/revisions"}],"wp:featuredmedia":[{"embeddable":true,"href":"https:\/\/www.circuitricardotormo.com\/ca\/wp-json\/wp\/v2\/media\/14984"}],"wp:attachment":[{"href":"https:\/\/www.circuitricardotormo.com\/ca\/wp-json\/wp\/v2\/media?parent=19992"}],"wp:term":[{"taxonomy":"category","embeddable":true,"href":"https:\/\/www.circuitricardotormo.com\/ca\/wp-json\/wp\/v2\/categories?post=19992"},{"taxonomy":"post_tag","embeddable":true,"href":"https:\/\/www.circuitricardotormo.com\/ca\/wp-json\/wp\/v2\/tags?post=19992"}],"curies":[{"name":"wp","href":"https:\/\/api.w.org\/{rel}","templated":true}]}}