{"id":19997,"date":"2021-07-27T13:25:45","date_gmt":"2021-07-27T13:25:45","guid":{"rendered":"https:\/\/www.circuitricardotormo.com\/el-circuit-ricardo-tormo-posa-a-la-venda-les-entrades-del-gran-premi\/"},"modified":"2021-07-27T13:25:45","modified_gmt":"2021-07-27T13:25:45","slug":"el-circuit-ricardo-tormo-posa-a-la-venda-les-entrades-del-gran-premi","status":"publish","type":"post","link":"https:\/\/www.circuitricardotormo.com\/ca\/el-circuit-ricardo-tormo-posa-a-la-venda-les-entrades-del-gran-premi\/","title":{"rendered":"El Circuit Ricardo Tormo posa a la venda les entrades del Gran Premi"},"content":{"rendered":"<p>El <strong>Circuit Ricardo Tormo <\/strong>ha posat a la venda les entrades per a assistir al <strong>Gran Premi Motul de la Comunitat Valenciana<\/strong> que tancar\u00e0 el Campionat del M\u00f3n de Motociclisme els dies 12, 13 i 14 de novembre a Cheste.<\/p>\n<p>Els seguidors de <strong>MotoGP\u00a0<\/strong> tenen l\u2019oportunitat de fer una reserva de les seues localitats a trav\u00e9s de la p\u00e0gina web del Circuit Ricardo <a href=\"https:\/\/proticketing.com\/circuitvalencia\/es_ES\/tickets\" target=\"_blank\" rel=\"noopener\"><span style=\"color: #ff6600;\"><strong>AC\u00cd<\/strong> <\/span><\/a><\/p>\n<p>encara que hauran d\u2019esperar fins a mitjan mes d\u2019octubre per a la confirmaci\u00f3 de la seua entrada definitiva.<\/p>\n<p>En un primer pas, el p\u00fablic interessat a acudir al Gran Premi haur\u00e0 de triar la tribuna a la qual vulguen acudir, d\u2019entre les set que componen l\u2019estadi, i a continuaci\u00f3 hauran d\u2019abonar el preu per a poder realitzar la seua reserva. Totes les entrades, com \u00e9s habitual, donen acc\u00e9s als tres dies de competici\u00f3 i permeten l\u2019aparcament gratu\u00eft.<\/p>\n<p>Els preus de les entrades, que varien entre els 185 euros de l\u2019entrada m\u00e9s cara i els 45 de la localitat m\u00e9s assequible, romanen congelats des de l\u2019edici\u00f3 de 2019, l\u2019\u00faltima en la qual el Circuit va poder obrir per a celebrar les vict\u00f2ries de <strong>Marc M\u00e1rquez<\/strong> en MotoGP, <strong>Brad Binder<\/strong> amb Moto2 i el jove castellonenc <strong>Sergio Garc\u00eda Dols<\/strong> en Moto3.<\/p>\n<p><strong><a class=\"lightbox\" href=\"https:\/\/clonecircuit.wpengine.com\/wp-content\/uploads\/wp-social\/facebook\/107132469324932\/2018\/08\/motogp-8.jpg\" target=\"_blank\" rel=\"noopener\"><img fetchpriority=\"high\" decoding=\"async\" class=\"wp-image-19264 alignright\" src=\"https:\/\/clonecircuit.wpengine.com\/wp-content\/uploads\/wp-social\/facebook\/107132469324932\/2018\/08\/motogp-8-1170x731.jpg\" alt=\"\" width=\"573\" height=\"358\" \/><\/a><\/strong><strong>Segon pas<\/strong><\/p>\n<p>A partir del\u00a0 21 d\u2019octubre, tots els aficionats que hagen fet una reserva han de completar el proc\u00e9s de confirmaci\u00f3 i seleccionar una localitat concreta per a aconseguir l\u2019entrada final amb la qual es podr\u00e0 accedir al Gran Premi.<\/p>\n<p>De fet, fins que les autoritats sanit\u00e0ries no determinen les condicions d\u2019acc\u00e9s per a la celebraci\u00f3 del Gran Premi, no es podr\u00e0 establir l\u2019aforament definitiu de l\u2019esdeveniment. Per aquest motiu, els aficionats nom\u00e9s podran confirmar la seua reserva i triar la seua ubicaci\u00f3 definitiva a partir del 21 d\u2019octubre, tres setmanes abans de la celebraci\u00f3 de l\u2019esdeveniment. En el cas que l\u2019aforament finalment aprovat per les autoritats sanit\u00e0ries siga inferior al nombre d\u2019entrades venudes (o reservades), el Circuit retornar\u00e0 l\u2019import als aficionats i per a fer-ho comen\u00e7ar\u00e0 pels \u00faltims que les van comprar.<\/p>\n<p><strong>\u00a0<\/strong><strong>Prefer\u00e8ncia per a les entrades de l\u2019any anterior<\/strong><\/p>\n<p>Aproximadament 10.000 aficionats tenen encara en el seu poder les entrades del Gran Premi des de l\u2019any passat. Es tracta dels que van optar per no sol\u00b7licitar la devoluci\u00f3 de l\u2019import de les seues entrades corresponents a l\u2019edici\u00f3 de 2020 que es va haver de celebrar a porta tancada.<\/p>\n<p>A l\u2019espera de determinar l\u2019aforament final juntament amb les autoritats sanit\u00e0ries, aquests aficionats tindran prefer\u00e8ncia per a triar la seua localitat i fins i tot, si \u00e9s possible, mantindran la seua ubicaci\u00f3 original.<\/p>\n<p>En aquest sentit es tractar\u00e0 sempre de mantindre en les seues localitats aquests aficionats que tindran prioritat a l\u2019hora d\u2019assistir a l\u2019esdeveniment i, si fora necessari, a triar la seua nova ubicaci\u00f3.<\/p>\n<p>Els preus de les entrades s\u00f3n els seg\u00fcents:<\/p>\n<table style=\"border-collapse: collapse; width: 100%;\" border=\"1\">\n<tbody>\n<tr style=\"height: 24px;\">\n<td style=\"width: 33.3333%; height: 24px;\">Tribuna de Boxs<\/td>\n<td style=\"width: 33.3333%; height: 24px;\">185,00 \u20ac<\/td>\n<td style=\"width: 33.3333%; height: 24px;\">\u00a0<a href=\"https:\/\/entradas.circuitvalencia.com\/circuitvalencia\/es_ES\/tickets\" target=\"_blank\" rel=\"noopener\"><span style=\"color: #ff6600;\"><strong>Comprar<\/strong><\/span><\/a><\/td>\n<\/tr>\n<tr style=\"height: 24px;\">\n<td style=\"width: 33.3333%; height: 24px;\">Tribuna Taronja<\/td>\n<td style=\"width: 33.3333%; height: 24px;\">130,00 \u20ac<\/td>\n<td style=\"width: 33.3333%; height: 24px;\">\u00a0<a href=\"https:\/\/entradas.circuitvalencia.com\/circuitvalencia\/es_ES\/tickets\" target=\"_blank\" rel=\"noopener\"><span style=\"color: #ff6600;\"><strong>Comprar<\/strong><\/span><\/a><\/td>\n<\/tr>\n<tr style=\"height: 24px;\">\n<td style=\"width: 33.3333%; height: 24px;\">Tribuna Groga<\/td>\n<td style=\"width: 33.3333%; height: 24px;\">125,00 \u20ac<\/td>\n<td style=\"width: 33.3333%; height: 24px;\">\u00a0<a href=\"https:\/\/entradas.circuitvalencia.com\/circuitvalencia\/es_ES\/tickets\" target=\"_blank\" rel=\"noopener\"><span style=\"color: #ff6600;\"><strong>Comprar<\/strong><\/span><\/a><\/td>\n<\/tr>\n<tr style=\"height: 24px;\">\n<td style=\"width: 33.3333%; height: 24px;\">Tribuna Blava<\/td>\n<td style=\"width: 33.3333%; height: 24px;\">95,00 \u20ac<\/td>\n<td style=\"width: 33.3333%; height: 24px;\">\u00a0<a href=\"https:\/\/entradas.circuitvalencia.com\/circuitvalencia\/es_ES\/tickets\" target=\"_blank\" rel=\"noopener\"><span style=\"color: #ff6600;\"><strong>Comprar<\/strong><\/span><\/a><\/td>\n<\/tr>\n<tr style=\"height: 24px;\">\n<td style=\"width: 33.3333%; height: 24px;\">Tribuna Verda<\/td>\n<td style=\"width: 33.3333%; height: 24px;\">80,00 \u20ac<\/td>\n<td style=\"width: 33.3333%; height: 24px;\">\u00a0<a href=\"https:\/\/entradas.circuitvalencia.com\/circuitvalencia\/es_ES\/tickets\" target=\"_blank\" rel=\"noopener\"><span style=\"color: #ff6600;\"><strong>Comprar<\/strong><\/span><\/a><\/td>\n<\/tr>\n<tr style=\"height: 24px;\">\n<td style=\"width: 33.3333%; height: 24px;\">Tribuna Roja<\/td>\n<td style=\"width: 33.3333%; height: 24px;\">60,00 \u20ac<\/td>\n<td style=\"width: 33.3333%; height: 24px;\">\u00a0<a href=\"https:\/\/entradas.circuitvalencia.com\/circuitvalencia\/es_ES\/tickets\" target=\"_blank\" rel=\"noopener\"><span style=\"color: #ff6600;\"><strong>Comprar<\/strong><\/span><\/a><\/td>\n<\/tr>\n<tr style=\"height: 24px;\">\n<td style=\"width: 33.3333%; height: 24px;\">Tribuna Blanca<\/td>\n<td style=\"width: 33.3333%; height: 24px;\">45,00 \u20ac<\/td>\n<td style=\"width: 33.3333%; height: 24px;\"><a href=\"https:\/\/entradas.circuitvalencia.com\/circuitvalencia\/es_ES\/tickets\" target=\"_blank\" rel=\"noopener\"><span style=\"color: #ff6600;\"><strong>\u00a0Comprar<\/strong><\/span><\/a><\/td>\n<\/tr>\n<\/tbody>\n<\/table>\n<p>&nbsp;<\/p>\n","protected":false},"excerpt":{"rendered":"<p>El Circuit Ricardo Tormo ha posat a la venda les entrades per a assistir al Gran Premi Motul de la Comunitat Valenciana que tancar\u00e0 el Campionat del M\u00f3n de Motociclisme els dies 12, 13 i 14 de novembre a Cheste. Els seguidors de MotoGP\u00a0 tenen l\u2019oportunitat de fer una reserva de les seues localitats a [&hellip;]<\/p>\n","protected":false},"author":1,"featured_media":15421,"comment_status":"closed","ping_status":"open","sticky":false,"template":"","format":"standard","meta":{"_acf_changed":false,"footnotes":""},"categories":[821],"tags":[152,153,363],"class_list":["post-19997","post","type-post","status-publish","format-standard","has-post-thumbnail","hentry","category-noticias-val","tag-entradas","tag-gran-premio","tag-valenciagp"],"acf":[],"_links":{"self":[{"href":"https:\/\/www.circuitricardotormo.com\/ca\/wp-json\/wp\/v2\/posts\/19997","targetHints":{"allow":["GET"]}}],"collection":[{"href":"https:\/\/www.circuitricardotormo.com\/ca\/wp-json\/wp\/v2\/posts"}],"about":[{"href":"https:\/\/www.circuitricardotormo.com\/ca\/wp-json\/wp\/v2\/types\/post"}],"author":[{"embeddable":true,"href":"https:\/\/www.circuitricardotormo.com\/ca\/wp-json\/wp\/v2\/users\/1"}],"replies":[{"embeddable":true,"href":"https:\/\/www.circuitricardotormo.com\/ca\/wp-json\/wp\/v2\/comments?post=19997"}],"version-history":[{"count":0,"href":"https:\/\/www.circuitricardotormo.com\/ca\/wp-json\/wp\/v2\/posts\/19997\/revisions"}],"wp:featuredmedia":[{"embeddable":true,"href":"https:\/\/www.circuitricardotormo.com\/ca\/wp-json\/wp\/v2\/media\/15421"}],"wp:attachment":[{"href":"https:\/\/www.circuitricardotormo.com\/ca\/wp-json\/wp\/v2\/media?parent=19997"}],"wp:term":[{"taxonomy":"category","embeddable":true,"href":"https:\/\/www.circuitricardotormo.com\/ca\/wp-json\/wp\/v2\/categories?post=19997"},{"taxonomy":"post_tag","embeddable":true,"href":"https:\/\/www.circuitricardotormo.com\/ca\/wp-json\/wp\/v2\/tags?post=19997"}],"curies":[{"name":"wp","href":"https:\/\/api.w.org\/{rel}","templated":true}]}}