{"id":20004,"date":"2022-01-10T10:41:54","date_gmt":"2022-01-10T10:41:54","guid":{"rendered":"https:\/\/www.circuitricardotormo.com\/racing-legends-2022\/"},"modified":"2022-01-10T10:41:54","modified_gmt":"2022-01-10T10:41:54","slug":"racing-legends-2022","status":"publish","type":"post","link":"https:\/\/www.circuitricardotormo.com\/ca\/racing-legends-2022\/","title":{"rendered":"Racing Legends 2022"},"content":{"rendered":"<p>El <strong>Circuit Ricardo Tormo<\/strong> celebra els dies <strong>5 i 6 de mar\u00e7<\/strong> el seu festival de vehicles cl\u00e0ssics, el <strong>Racing Legends<\/strong> que, un any despr\u00e9s regresa al calendari del tra\u00e7at de Cheste amb una exposici\u00f3n de mes de mil motos, cotxes, bicis i camions cl\u00e0ssics<a href=\"https:\/\/entradas.circuitvalencia.com\/circuitvalencia\/es_ES\/tickets\" target=\"_blank\" rel=\"noopener\"><strong>Entrades<\/strong><\/a>Preu de les <strong>Entrades <\/strong>Racing Legends 2022<\/p>\n<table style=\"border-collapse: collapse; width: 100%;\" border=\"1\">\n<tbody>\n<tr>\n<td style=\"width: 22.6041%;\"><\/td>\n<td style=\"width: 27.6042%;\">Dissabte 5 mar\u00e7<\/td>\n<td style=\"width: 27.0833%;\">Diumenge 6 de mar\u00e7<\/td>\n<td style=\"width: 22.7084%;\">\u00a0Cap de Setmana<\/td>\n<\/tr>\n<tr>\n<td style=\"width: 22.6041%;\">Acc\u00e9s General Paddock i Tribuna de Boxes<\/td>\n<td style=\"width: 27.6042%;\"><strong>12,00 \u20ac<\/strong><\/td>\n<td style=\"width: 27.0833%;\"><strong>12,00 \u20ac<\/strong><\/td>\n<td style=\"width: 22.7084%;\"><strong>18,00 \u20ac<\/strong><\/td>\n<\/tr>\n<\/tbody>\n<\/table>\n<p>La primera gran reuni\u00f3 europea de cotxes cl\u00e0ssics i motos cl\u00e0ssiques arriba amb l&#8217;oportunitat de participar i fins i tot d&#8217;eixir a la pista amb el teu propi cotxe de m\u00e9s de 30 anys.<strong>Xiquets Gratis<\/strong> (Fins a 13 anys)<a href=\"https:\/\/clonecircuit.wpengine.com\/horarios-racing-legeds-2022\/\" target=\"_blank\" rel=\"noopener\"><strong>Horaris<\/strong>\u00a0<\/a><\/p>\n","protected":false},"excerpt":{"rendered":"<p>El Circuit Ricardo Tormo celebra els dies 5 i 6 de mar\u00e7 el seu festival de vehicles cl\u00e0ssics, el Racing Legends que, un any despr\u00e9s regresa al calendari del tra\u00e7at de Cheste amb una exposici\u00f3n de mes de mil motos, cotxes, bicis i camions cl\u00e0ssicsEntradesPreu de les Entrades Racing Legends 2022 Dissabte 5 mar\u00e7 Diumenge [&hellip;]<\/p>\n","protected":false},"author":1,"featured_media":1430,"comment_status":"closed","ping_status":"open","sticky":false,"template":"","format":"standard","meta":{"_acf_changed":false,"footnotes":""},"categories":[820],"tags":[],"class_list":["post-20004","post","type-post","status-publish","format-standard","has-post-thumbnail","hentry","category-sin-categoria-va"],"acf":[],"_links":{"self":[{"href":"https:\/\/www.circuitricardotormo.com\/ca\/wp-json\/wp\/v2\/posts\/20004","targetHints":{"allow":["GET"]}}],"collection":[{"href":"https:\/\/www.circuitricardotormo.com\/ca\/wp-json\/wp\/v2\/posts"}],"about":[{"href":"https:\/\/www.circuitricardotormo.com\/ca\/wp-json\/wp\/v2\/types\/post"}],"author":[{"embeddable":true,"href":"https:\/\/www.circuitricardotormo.com\/ca\/wp-json\/wp\/v2\/users\/1"}],"replies":[{"embeddable":true,"href":"https:\/\/www.circuitricardotormo.com\/ca\/wp-json\/wp\/v2\/comments?post=20004"}],"version-history":[{"count":0,"href":"https:\/\/www.circuitricardotormo.com\/ca\/wp-json\/wp\/v2\/posts\/20004\/revisions"}],"wp:featuredmedia":[{"embeddable":true,"href":"https:\/\/www.circuitricardotormo.com\/ca\/wp-json\/wp\/v2\/media\/1430"}],"wp:attachment":[{"href":"https:\/\/www.circuitricardotormo.com\/ca\/wp-json\/wp\/v2\/media?parent=20004"}],"wp:term":[{"taxonomy":"category","embeddable":true,"href":"https:\/\/www.circuitricardotormo.com\/ca\/wp-json\/wp\/v2\/categories?post=20004"},{"taxonomy":"post_tag","embeddable":true,"href":"https:\/\/www.circuitricardotormo.com\/ca\/wp-json\/wp\/v2\/tags?post=20004"}],"curies":[{"name":"wp","href":"https:\/\/api.w.org\/{rel}","templated":true}]}}