{"id":21261,"date":"2022-05-25T13:44:22","date_gmt":"2022-05-25T13:44:22","guid":{"rendered":"https:\/\/www.circuitricardotormo.com\/?p=21261"},"modified":"2022-05-25T13:44:22","modified_gmt":"2022-05-25T13:44:22","slug":"el-circuit-ricardo-tormo-celebra-la-segona-carrera-del-fim-juniorgp","status":"publish","type":"post","link":"https:\/\/www.circuitricardotormo.com\/ca\/el-circuit-ricardo-tormo-celebra-la-segona-carrera-del-fim-juniorgp\/","title":{"rendered":"El Circuit Ricardo Tormo celebra la segona carrera del FIM JuniorGP"},"content":{"rendered":"<p>El Circuit Ricardo Tormo celebra aquest cap de setmana del 21 i 22 de maig la segona prova puntuable per al Finetwork FIM JuniorGP, la nova denominaci\u00f3 del certamen internacional que serveix com a antesala per al Campionat del M\u00f3n de Motociclisme.<\/p>\n<p>Un total de 119 pilots completen les llistes d\u2019inscrits de les tres categories que formen el FIM JuniorGP. 33 pilots seran de la partida en el mundial j\u00fanior de Moto3 liderats pel tailand\u00e9s Tatchakorn Buasri (Honda), que va ser el guanyador de la primera carrera celebrada en el tra\u00e7at portugu\u00e9s d\u2019Estoril. Jos\u00e9 Antonio Rueda (Honda), David Salvador (Hvsvarna), David Alonso (Gas Gas) i Adri\u00e1n Cruces (KTM) seran alguns dels candidats a la vict\u00f2ria en les dues carreres programades per a diumenge.<\/p>\n<p>L\u2019alemany Lukas Tulovic (Triumph) lidera la classificaci\u00f3 general de la categoria de Moto2 despr\u00e9s de les dues carreres d\u2019Estoril, seguit per l\u2019australi\u00e0 Senna Agius (Kalex) i l\u2019itali\u00e0 Mattia Rato (Kalex).<\/p>\n<p>Els pilots de Moto2 compartiran pista amb els de Stock 600 liderats pel pilot de l\u2019equip Fau55 Tey Racing Alex Ruiz (Yamaha) i amb la participaci\u00f3 del pilot de la Cuna de Campeones Juan Rodr\u00edguez. En total, 34 pilots formaran la graella d\u2019eixida de la carrera de diumenge.<\/p>\n<p>La categoria m\u00e9s concorreguda \u00e9s la Hawkers European Talent Cup. Un total de 52 joves es veuran obligats a celebrar els entrenaments dividits en dos grups. El pupil de l\u2019Aspar Team, Joel Esteban, \u00e9s el l\u00edder despr\u00e9s del seu doblet en l\u2019estrena del certamen a Portugal.<\/p>\n<p>L\u2019escola del Circuit, la Cuna de Campeones, estar\u00e0 present en les tres categories amb els seus pilots Adri\u00e1n Cruces i Doah Dettwiller en Moto3, amb Juan Rodr\u00edguez en Stock i amb el pilot indi Geoffrey Emmanuel en la Hawkers European Talent Cup.<\/p>\n<p>Els entrenaments se celebraran de dijous a dissabte i diumenge tindran lloc les cinc carreres programades des de les 11.00 hores amb entrada lliure per a tots els aficionats.<\/p>\n<p><iframe title=\"YouTube video player\" src=\"https:\/\/www.youtube.com\/embed\/uZTKctei9K4\" width=\"560\" height=\"315\" frameborder=\"0\" allowfullscreen=\"allowfullscreen\"><\/iframe><\/p>\n","protected":false},"excerpt":{"rendered":"<p>El Circuit Ricardo Tormo celebra aquest cap de setmana del 21 i 22 de maig la segona prova puntuable per al Finetwork FIM JuniorGP, la nova denominaci\u00f3 del certamen internacional que serveix com a antesala per al Campionat del M\u00f3n de Motociclisme. Un total de 119 pilots completen les llistes d\u2019inscrits de les tres categories [&hellip;]<\/p>\n","protected":false},"author":1,"featured_media":21220,"comment_status":"open","ping_status":"open","sticky":false,"template":"","format":"standard","meta":{"_acf_changed":false,"footnotes":""},"categories":[3],"tags":[],"class_list":["post-21261","post","type-post","status-publish","format-standard","has-post-thumbnail","hentry","category-uncategorized-ca"],"acf":[],"_links":{"self":[{"href":"https:\/\/www.circuitricardotormo.com\/ca\/wp-json\/wp\/v2\/posts\/21261","targetHints":{"allow":["GET"]}}],"collection":[{"href":"https:\/\/www.circuitricardotormo.com\/ca\/wp-json\/wp\/v2\/posts"}],"about":[{"href":"https:\/\/www.circuitricardotormo.com\/ca\/wp-json\/wp\/v2\/types\/post"}],"author":[{"embeddable":true,"href":"https:\/\/www.circuitricardotormo.com\/ca\/wp-json\/wp\/v2\/users\/1"}],"replies":[{"embeddable":true,"href":"https:\/\/www.circuitricardotormo.com\/ca\/wp-json\/wp\/v2\/comments?post=21261"}],"version-history":[{"count":0,"href":"https:\/\/www.circuitricardotormo.com\/ca\/wp-json\/wp\/v2\/posts\/21261\/revisions"}],"wp:featuredmedia":[{"embeddable":true,"href":"https:\/\/www.circuitricardotormo.com\/ca\/wp-json\/wp\/v2\/media\/21220"}],"wp:attachment":[{"href":"https:\/\/www.circuitricardotormo.com\/ca\/wp-json\/wp\/v2\/media?parent=21261"}],"wp:term":[{"taxonomy":"category","embeddable":true,"href":"https:\/\/www.circuitricardotormo.com\/ca\/wp-json\/wp\/v2\/categories?post=21261"},{"taxonomy":"post_tag","embeddable":true,"href":"https:\/\/www.circuitricardotormo.com\/ca\/wp-json\/wp\/v2\/tags?post=21261"}],"curies":[{"name":"wp","href":"https:\/\/api.w.org\/{rel}","templated":true}]}}