{"id":23578,"date":"2022-11-22T10:42:36","date_gmt":"2022-11-22T08:42:36","guid":{"rendered":"https:\/\/www.circuitricardotormo.com\/?p=23578"},"modified":"2022-11-22T11:54:29","modified_gmt":"2022-11-22T09:54:29","slug":"sergio-garcia-dols-sincorpora-al-centre-de-tecnificacio","status":"publish","type":"post","link":"https:\/\/www.circuitricardotormo.com\/ca\/sergio-garcia-dols-sincorpora-al-centre-de-tecnificacio\/","title":{"rendered":"Sergio Garc\u00eda Dols s\u2019incorpora al Centre de Tecnificaci\u00f3"},"content":{"rendered":"\t\t<div data-elementor-type=\"wp-post\" data-elementor-id=\"23578\" class=\"elementor elementor-23578 elementor-23562\" data-elementor-post-type=\"post\">\n\t\t\t\t\t\t<section class=\"elementor-section elementor-top-section elementor-element elementor-element-7aa913d9 elementor-section-boxed elementor-section-height-default elementor-section-height-default\" data-id=\"7aa913d9\" data-element_type=\"section\" data-e-type=\"section\" data-settings=\"{&quot;jet_parallax_layout_list&quot;:[]}\">\n\t\t\t\t\t\t<div class=\"elementor-container elementor-column-gap-default\">\n\t\t\t\t\t<div class=\"elementor-column elementor-col-100 elementor-top-column elementor-element elementor-element-23d9feda\" data-id=\"23d9feda\" data-element_type=\"column\" data-e-type=\"column\">\n\t\t\t<div class=\"elementor-widget-wrap elementor-element-populated\">\n\t\t\t\t\t\t<div class=\"elementor-element elementor-element-25346504 elementor-widget elementor-widget-text-editor\" data-id=\"25346504\" data-element_type=\"widget\" data-e-type=\"widget\" data-widget_type=\"text-editor.default\">\n\t\t\t\t<div class=\"elementor-widget-container\">\n\t\t\t\t\t\t\t\t\tEl piloto castellonense de motociclismo <strong>Sergio Garc\u00eda Dols<\/strong> se ha incorporado al Centro Especializado de Tecnificaci\u00f3n Deportiva del Motor del <strong>Circuit Ricardo Tormo<\/strong>.\r\n\r\nEl subcampe\u00f3n del mundo de <strong>Moto3<\/strong> preparar\u00e1 durante el invierno en <strong>Cheste<\/strong> su estreno en el mundial de Moto2. Sergio Garc\u00eda Dols afronta el salto de categor\u00eda despu\u00e9s de cuatro a\u00f1os en la clase peque\u00f1a en los que ha conseguido un total de 20 podios y siete victorias.\r\n\r\nTras dos a\u00f1os en el <strong>Aspar Team<\/strong>, Garc\u00eda Dols, de 19 a\u00f1os, llega ahora a <strong>Pons Racing<\/strong> para su estreno en la categor\u00eda intermedia. \u201cEste a\u00f1o viene un nuevo reto <strong>Moto2<\/strong> y tenemos que ponernos m\u00e1s fuertes, coger m\u00e1s peso y creo que esto va a ser ideal\u201d ha se\u00f1alado el piloto de Burriana.\r\n\r\n\u201cEl objetivo es entrenar m\u00e1s con la moto y sobre todo dar un cambio a la hora de entrenar el f\u00edsico\u201d destaca Sergio Garc\u00eda Dols que participar\u00e1 en todas las actividades deportivas, t\u00e9cnicas, t\u00e1cticas y psicol\u00f3gicas del Centro de <strong>Tecnificaci\u00f3n<\/strong>.\r\n\r\nEl director deportivo del CETDM, <strong>Juli\u00e1n Miralles<\/strong>, se ha mostrado \u201cmuy contento de poder ofrecer a un piloto mundialista de talla internacional las oportunidades que habitualmente ofrecemos a j\u00f3venes pilotos en formaci\u00f3n. Estoy seguro que podremos ayudar a Sergio durante la pretemporada y tambi\u00e9n estoy convencido de que \u00e9l va a servir como modelo a nuestros pilotos que podr\u00e1n compartir entrenamientos en el <strong>CETDM<\/strong> y convivir con un piloto llamado a obtener grandes resultados en el mundial\u201d.\t\t\t\t\t\t\t\t<\/div>\n\t\t\t\t<\/div>\n\t\t\t\t<div class=\"elementor-element elementor-element-36daaf3 elementor-widget elementor-widget-video\" data-id=\"36daaf3\" data-element_type=\"widget\" data-e-type=\"widget\" data-settings=\"{&quot;youtube_url&quot;:&quot;https:\\\/\\\/www.youtube.com\\\/watch?v=G_6B7thMkXU&quot;,&quot;video_type&quot;:&quot;youtube&quot;,&quot;controls&quot;:&quot;yes&quot;}\" data-widget_type=\"video.default\">\n\t\t\t\t<div class=\"elementor-widget-container\">\n\t\t\t\t\t\t\t<div class=\"elementor-wrapper elementor-open-inline\">\n\t\t\t<div class=\"elementor-video\"><\/div>\t\t<\/div>\n\t\t\t\t\t\t<\/div>\n\t\t\t\t<\/div>\n\t\t\t\t\t<\/div>\n\t\t<\/div>\n\t\t\t\t\t<\/div>\n\t\t<\/section>\n\t\t\t\t<\/div>\n\t\t","protected":false},"excerpt":{"rendered":"<p>El pilot castellonenc de motociclisme Sergio Garc\u00eda Dols s\u2019ha incorporat al Centre Especialitzat de Tecnificaci\u00f3 Esportiva del Motor del Circuit Ricardo Tormo. El subcampi\u00f3 del m\u00f3n de Moto3 preparar\u00e0 durant l\u2019hivern a Cheste la seua estrena en el mundial de Moto2. Sergio Garc\u00eda Dols afronta el salt de categoria despr\u00e9s de quatre anys en la [&hellip;]<\/p>\n","protected":false},"author":2,"featured_media":23576,"comment_status":"closed","ping_status":"closed","sticky":false,"template":"","format":"standard","meta":{"_acf_changed":false,"footnotes":""},"categories":[875],"tags":[],"class_list":["post-23578","post","type-post","status-publish","format-standard","has-post-thumbnail","hentry","category-noticias-ca"],"acf":[],"_links":{"self":[{"href":"https:\/\/www.circuitricardotormo.com\/ca\/wp-json\/wp\/v2\/posts\/23578","targetHints":{"allow":["GET"]}}],"collection":[{"href":"https:\/\/www.circuitricardotormo.com\/ca\/wp-json\/wp\/v2\/posts"}],"about":[{"href":"https:\/\/www.circuitricardotormo.com\/ca\/wp-json\/wp\/v2\/types\/post"}],"author":[{"embeddable":true,"href":"https:\/\/www.circuitricardotormo.com\/ca\/wp-json\/wp\/v2\/users\/2"}],"replies":[{"embeddable":true,"href":"https:\/\/www.circuitricardotormo.com\/ca\/wp-json\/wp\/v2\/comments?post=23578"}],"version-history":[{"count":0,"href":"https:\/\/www.circuitricardotormo.com\/ca\/wp-json\/wp\/v2\/posts\/23578\/revisions"}],"wp:featuredmedia":[{"embeddable":true,"href":"https:\/\/www.circuitricardotormo.com\/ca\/wp-json\/wp\/v2\/media\/23576"}],"wp:attachment":[{"href":"https:\/\/www.circuitricardotormo.com\/ca\/wp-json\/wp\/v2\/media?parent=23578"}],"wp:term":[{"taxonomy":"category","embeddable":true,"href":"https:\/\/www.circuitricardotormo.com\/ca\/wp-json\/wp\/v2\/categories?post=23578"},{"taxonomy":"post_tag","embeddable":true,"href":"https:\/\/www.circuitricardotormo.com\/ca\/wp-json\/wp\/v2\/tags?post=23578"}],"curies":[{"name":"wp","href":"https:\/\/api.w.org\/{rel}","templated":true}]}}