{"id":24152,"date":"2023-01-31T14:51:32","date_gmt":"2023-01-31T12:51:32","guid":{"rendered":"https:\/\/www.circuitricardotormo.com\/?p=24152"},"modified":"2023-01-31T15:01:00","modified_gmt":"2023-01-31T13:01:00","slug":"els-aficionats-rodaran-per-la-pista-del-circuit-amb-alguersuari-checa-criville-aspar-i-gibernau","status":"publish","type":"post","link":"https:\/\/www.circuitricardotormo.com\/ca\/els-aficionats-rodaran-per-la-pista-del-circuit-amb-alguersuari-checa-criville-aspar-i-gibernau\/","title":{"rendered":"Els aficionats rodaran per la pista del Circuit amb Alguersuari, Checa, Crivill\u00e9, Aspar i Gibernau"},"content":{"rendered":"<p>El <strong>Circuit Ricardo Tormo<\/strong><span style=\"font-size: 1rem;\">celebrar\u00e0 els dies 4 i 5 de mar\u00e7 la huitena edici\u00f3 del Racing Legends, la seua concentraci\u00f3 anual de cotxes i motos cl\u00e0ssiques, amb la mirada posada en el record del motociclisme dels 80 i els 90.<\/span><\/p>\n<p>El polifac\u00e8tic pilot, escriptor, editor i organitzador de grans esdeveniments del motor Jaime Alguersuari ser\u00e0 el protagonista d\u2019aquest record del motociclisme \u00e8pic del qual van ser estreles, entre d\u2019altres, Jorge Mart\u00ednez Aspar, \u00c0lex Crivill\u00e9, Carlos Checa, Sito Pons o Sete Gibernau.<\/p>\n<p>Tots ells i alguns m\u00e9s han anunciat la seua pres\u00e8ncia els dies <strong>4 i 5 de mar\u00e7<\/strong>. Junts participaran en una xarrada davant dels aficionats per a recordar les seues batalles en la pista i el treball fora de la pista que tant ha canviat en els \u00faltims anys.<\/p>\n<p><a href=\"https:\/\/www.circuitricardotormo.com\/racing-legends-2023\/\" target=\"_blank\" rel=\"noopener\"><img fetchpriority=\"high\" decoding=\"async\" class=\"aligncenter wp-image-24146\" src=\"https:\/\/www.circuitricardotormo.com\/wp-content\/uploads\/2023\/01\/Racing-Legends-2023-745x1024.jpeg\" alt=\"Racing Legends 2023 Jaime Alguersuari Circuit Ricardo Tormo\" width=\"658\" height=\"904\" srcset=\"https:\/\/binn.wpenginepowered.com\/wp-content\/uploads\/2023\/01\/Racing-Legends-2023-745x1024.jpeg 745w, https:\/\/binn.wpenginepowered.com\/wp-content\/uploads\/2023\/01\/Racing-Legends-2023-218x300.jpeg 218w, https:\/\/binn.wpenginepowered.com\/wp-content\/uploads\/2023\/01\/Racing-Legends-2023-768x1056.jpeg 768w, https:\/\/binn.wpenginepowered.com\/wp-content\/uploads\/2023\/01\/Racing-Legends-2023.jpeg 1072w\" sizes=\"(max-width: 658px) 100vw, 658px\" \/><\/a><\/p>\n<p>Aix\u00ed mateix, els pilots encap\u00e7alaran una desfilada multitudin\u00e0ria pel tra\u00e7at de Cheste. Alguersuari, Aspar, Crivill\u00e9, Checa i Gibernau, junt amb altres pilots de l\u2019\u00e8poca i de l\u2019actualitat, completaran una volta seguits per tots els aficionats que acudisquen al Racing Legends amb la seua moto, cl\u00e0ssica o no.<\/p>\n<p>L\u2019automobilisme tamb\u00e9 ser\u00e0 protagonista en el Racing Legends. Despr\u00e9s de molts anys els monoplaces tornaran a rodar per la pista de Cheste. La col\u00b7lecci\u00f3 francesa Citro\u00ebn MEP dels 70 visita per primera vegada el Circuit Ricardo Tormo i els clubs organitzadors exposaran els seus millors exemplars en el p\u00e0doc.<\/p>\n<p>A m\u00e9s, els propietaris de cotxes cl\u00e0ssics tindran l\u2019oportunitat d\u2019exposar els seus cotxes anteriors a 1993 i de participar en la desfilada de cotxes i camions cl\u00e0ssics programada per a aquesta huitena edici\u00f3.<\/p>\n<p>Les entrades per a assistir a l\u2019esdeveniment estan a la venda des de 13<span style=\"font-size: 1rem;\">\u00a0<\/span><strong style=\"font-size: 1rem;\"><a href=\"https:\/\/entradas.circuitvalencia.com\/circuitvalencia\/es_ES\/entradas\/evento\/28131\" target=\"_blank\" rel=\"noopener\">AC\u00cd<\/a><\/strong><span style=\"font-size: 1rem;\">. <\/span>\u00a0Els menors de 13 anys compten amb acc\u00e9s gratu\u00eft.<\/p>\n<p>&nbsp;<\/p>\n<p><img decoding=\"async\" class=\"aligncenter wp-image-24040 size-full\" src=\"https:\/\/www.circuitricardotormo.com\/wp-content\/uploads\/2023\/01\/Podium-Ricardo-Tormo-Angel-Nieto-y-Jaime-Alguersuari.jpeg\" alt=\"\" width=\"590\" height=\"502\" srcset=\"https:\/\/binn.wpenginepowered.com\/wp-content\/uploads\/2023\/01\/Podium-Ricardo-Tormo-Angel-Nieto-y-Jaime-Alguersuari.jpeg 590w, https:\/\/binn.wpenginepowered.com\/wp-content\/uploads\/2023\/01\/Podium-Ricardo-Tormo-Angel-Nieto-y-Jaime-Alguersuari-300x255.jpeg 300w\" sizes=\"(max-width: 590px) 100vw, 590px\" \/><\/p>\n","protected":false},"excerpt":{"rendered":"<p>El Circuit Ricardo Tormocelebrar\u00e0 els dies 4 i 5 de mar\u00e7 la huitena edici\u00f3 del Racing Legends, la seua concentraci\u00f3 anual de cotxes i motos cl\u00e0ssiques, amb la mirada posada en el record del motociclisme dels 80 i els 90. El polifac\u00e8tic pilot, escriptor, editor i organitzador de grans esdeveniments del motor Jaime Alguersuari ser\u00e0 [&hellip;]<\/p>\n","protected":false},"author":2,"featured_media":24051,"comment_status":"closed","ping_status":"closed","sticky":false,"template":"","format":"standard","meta":{"_acf_changed":false,"footnotes":""},"categories":[3],"tags":[976],"class_list":["post-24152","post","type-post","status-publish","format-standard","has-post-thumbnail","hentry","category-uncategorized-ca","tag-racing-legends-ca"],"acf":[],"_links":{"self":[{"href":"https:\/\/www.circuitricardotormo.com\/ca\/wp-json\/wp\/v2\/posts\/24152","targetHints":{"allow":["GET"]}}],"collection":[{"href":"https:\/\/www.circuitricardotormo.com\/ca\/wp-json\/wp\/v2\/posts"}],"about":[{"href":"https:\/\/www.circuitricardotormo.com\/ca\/wp-json\/wp\/v2\/types\/post"}],"author":[{"embeddable":true,"href":"https:\/\/www.circuitricardotormo.com\/ca\/wp-json\/wp\/v2\/users\/2"}],"replies":[{"embeddable":true,"href":"https:\/\/www.circuitricardotormo.com\/ca\/wp-json\/wp\/v2\/comments?post=24152"}],"version-history":[{"count":0,"href":"https:\/\/www.circuitricardotormo.com\/ca\/wp-json\/wp\/v2\/posts\/24152\/revisions"}],"wp:featuredmedia":[{"embeddable":true,"href":"https:\/\/www.circuitricardotormo.com\/ca\/wp-json\/wp\/v2\/media\/24051"}],"wp:attachment":[{"href":"https:\/\/www.circuitricardotormo.com\/ca\/wp-json\/wp\/v2\/media?parent=24152"}],"wp:term":[{"taxonomy":"category","embeddable":true,"href":"https:\/\/www.circuitricardotormo.com\/ca\/wp-json\/wp\/v2\/categories?post=24152"},{"taxonomy":"post_tag","embeddable":true,"href":"https:\/\/www.circuitricardotormo.com\/ca\/wp-json\/wp\/v2\/tags?post=24152"}],"curies":[{"name":"wp","href":"https:\/\/api.w.org\/{rel}","templated":true}]}}