{"id":24908,"date":"2023-04-03T10:09:54","date_gmt":"2023-04-03T08:09:54","guid":{"rendered":"https:\/\/www.circuitricardotormo.com\/?p=24908"},"modified":"2023-04-03T13:10:15","modified_gmt":"2023-04-03T11:10:15","slug":"el-circuit-i-les-nascar-whelen-euro-series-celebren-deu-anys-junts","status":"publish","type":"post","link":"https:\/\/www.circuitricardotormo.com\/ca\/el-circuit-i-les-nascar-whelen-euro-series-celebren-deu-anys-junts\/","title":{"rendered":"El Circuit i les NASCAR Whelen Euro Series celebren deu anys junts"},"content":{"rendered":"<p>El\u00a0<strong>Circuit Ricardo Tormo <\/strong>i les <strong>NASCAR Whelen Euro Series<\/strong> celebren, aquesta temporada, el des\u00e9 aniversari del Valencia NASCAR Fest. 2023 marcar\u00e0 una fita especial per a la s\u00e8rie oficial de NASCAR a Europa i el tra\u00e7at valenci\u00e0, que celebraran, els dies 6 i 7 de maig, una edici\u00f3 especial del tradicional NASCAR GP Espanya.<\/p>\n<p>Per a recordar l\u2019ocasi\u00f3, EuroNASCAR i el Circuit han presentat, hui, un nou logotip de l\u2019esdeveniment que representar\u00e0 el Valencia NASCAR Fest 2023 i l\u2019esperit festiu que els aficionats sempre porten a Cheste quan la NASCAR Whelen Euro Series visita Val\u00e8ncia.<\/p>\n<p><a href=\"https:\/\/www.circuitricardotormo.com\/valencia-nascar-fest-2023\/#\"><img fetchpriority=\"high\" decoding=\"async\" class=\"aligncenter wp-image-24871 size-large\" src=\"https:\/\/www.circuitricardotormo.com\/wp-content\/uploads\/2023\/04\/Valencia-10th-Anniv-logo-draft-1024x883.png\" alt=\"\" width=\"1024\" height=\"883\" srcset=\"https:\/\/binn.wpenginepowered.com\/wp-content\/uploads\/2023\/04\/Valencia-10th-Anniv-logo-draft-1024x883.png 1024w, https:\/\/binn.wpenginepowered.com\/wp-content\/uploads\/2023\/04\/Valencia-10th-Anniv-logo-draft-300x259.png 300w, https:\/\/binn.wpenginepowered.com\/wp-content\/uploads\/2023\/04\/Valencia-10th-Anniv-logo-draft-768x662.png 768w, https:\/\/binn.wpenginepowered.com\/wp-content\/uploads\/2023\/04\/Valencia-10th-Anniv-logo-draft.png 1200w\" sizes=\"(max-width: 1024px) 100vw, 1024px\" \/><\/a><\/p>\n<p>\u201c\u00c9s un vertader honor per a nosaltres celebrar el 10\u00e9 aniversari d\u2019aquesta gran associaci\u00f3 entre el Circuit Ricardo Tormo i la NASCAR Whelen Euro Series\u201d, va explicar el president i CEO de NWES, Jerome Galpin. \u201cEl Circuit \u00e9s un dels millors d\u2019Europa. Ofereix els est\u00e0ndards de seguretat m\u00e9s alts, instal\u00b7lacions de primera classe i un tra\u00e7at \u00fanic en el qual els aficionats a les carreres poden veure tota la pista asseguts en les graderies. Tot aix\u00f2, combinat amb un equip i una direcci\u00f3 incre\u00efbles, a m\u00e9s d\u2019una afici\u00f3 fant\u00e0stica, fan de Val\u00e8ncia una destinaci\u00f3 ideal per a inaugurar la temporada <strong>EuroNASCAR<\/strong>. Tenim moltes ganes d\u2019encendre els nostres motors i iniciar la temporada 2023 de NWES al Circuit Ricardo Tormo\u201d.<\/p>\n<p>\u201c\u00c9s fant\u00e0stic celebrar 10 anys de carreres NASCAR al <strong>Circuit Ricardo Tormo<\/strong>. Hem viscut grans moments junts i els aficionats valoren molt positivament les carreres de NASCAR Whelen Euro Series, per la qual cosa espere que aquests siguen els primers 10 anys d\u2019una relaci\u00f3 molt m\u00e9s llarga\u201d, ha declarat Gabriel Berruga, director esportiu del Circuit.<\/p>\n<p>El logotip \u00e9s un dels molts elements destacats que els aficionats trobaran els dies 6 i 7 de maig al Circuit Ricardo Tormo. La novetat m\u00e9s important ser\u00e0 la pres\u00e8ncia, per primera vegada a Espanya, de la nova <strong>F1 Academy<\/strong>, la nova s\u00e8rie de F\u00f3rmula 1 creada per a donar protagonisme a les joves dones pilot. En les setmanes pr\u00e8vies a l\u2019esdeveniment s\u2019anunciaran m\u00e9s novetats al respecte.<\/p>\n<p><img decoding=\"async\" class=\"aligncenter wp-image-24889 size-large\" src=\"https:\/\/www.circuitricardotormo.com\/wp-content\/uploads\/2023\/04\/Valencia-NASCAR-Fest-2022-1024x684.jpg\" alt=\"\" width=\"1024\" height=\"684\" srcset=\"https:\/\/binn.wpenginepowered.com\/wp-content\/uploads\/2023\/04\/Valencia-NASCAR-Fest-2022-1024x684.jpg 1024w, https:\/\/binn.wpenginepowered.com\/wp-content\/uploads\/2023\/04\/Valencia-NASCAR-Fest-2022-300x200.jpg 300w, https:\/\/binn.wpenginepowered.com\/wp-content\/uploads\/2023\/04\/Valencia-NASCAR-Fest-2022-768x513.jpg 768w, https:\/\/binn.wpenginepowered.com\/wp-content\/uploads\/2023\/04\/Valencia-NASCAR-Fest-2022-1536x1025.jpg 1536w, https:\/\/binn.wpenginepowered.com\/wp-content\/uploads\/2023\/04\/Valencia-NASCAR-Fest-2022.jpg 2048w\" sizes=\"(max-width: 1024px) 100vw, 1024px\" \/><\/p>\n<p>El Circuit Ricardo Tormo \u00e9s l\u2019escenari que ha albergat m\u00e9s carreres de la NASCAR Whelen Euro Series: un total de 44 en aquests deu anys. La primera visita de la s\u00e8rie oficial europea NASCAR a la pista va tindre lloc en 2012, quan Val\u00e8ncia va acollir la ronda semifinal de la temporada. La NASCAR Whelen Euro Series va tornar al Circuit Ricardo Tormo en 2014, amb la primera edici\u00f3 del Valencia NASCAR Fest, i, des de llavors, Val\u00e8ncia ha acollit l\u2019inici de temporada de la s\u00e8rie en set ocasions. En 2020, durant la pand\u00e8mia, la pista tamb\u00e9 va acollir un doble esdeveniment hist\u00f2ric amb huit carreres per a tancar la temporada, incloses les finals <strong>EuroNASCAR<\/strong>.<\/p>\n<p>Alon Day, quatre vegades campi\u00f3 de l\u2019EuroNASCAR, i Ander Vilari\u00f1o, tres vegades campi\u00f3 de l\u2019EuroNASCAR, ostenten junts el r\u00e8cord de vict\u00f2ries a Val\u00e8ncia, amb sis vict\u00f2ries cadascun. Day tamb\u00e9 va guanyar el seu tercer t\u00edtol en la pista espanyola en 2020.<\/p>\n<p><span style=\"font-size: 1rem;\">El Valencia NASCAR Fest 2023 tindr\u00e0 lloc els dies 6 i 7 de maig i, una vegada m\u00e9s, obrir\u00e0 la temporada de la NASCAR Whelen Euro Series de manera espectacular. Les entrades estan disponibles en la p\u00e0gina web oficial del Circuit <\/span><a style=\"font-size: 1rem;\" href=\"https:\/\/entradas.circuitvalencia.com\/circuitvalencia\/es_ES\/tickets\" target=\"_blank\" rel=\"noopener\"><strong>ACI<\/strong><\/a><\/p>\n<p><img decoding=\"async\" class=\"aligncenter wp-image-24883 size-large\" src=\"https:\/\/www.circuitricardotormo.com\/wp-content\/uploads\/2023\/04\/Valencia-NASCAR-Fest-2022-pit-lane-1024x684.jpg\" alt=\"\" width=\"1024\" height=\"684\" srcset=\"https:\/\/binn.wpenginepowered.com\/wp-content\/uploads\/2023\/04\/Valencia-NASCAR-Fest-2022-pit-lane-1024x684.jpg 1024w, https:\/\/binn.wpenginepowered.com\/wp-content\/uploads\/2023\/04\/Valencia-NASCAR-Fest-2022-pit-lane-300x200.jpg 300w, https:\/\/binn.wpenginepowered.com\/wp-content\/uploads\/2023\/04\/Valencia-NASCAR-Fest-2022-pit-lane-768x513.jpg 768w, https:\/\/binn.wpenginepowered.com\/wp-content\/uploads\/2023\/04\/Valencia-NASCAR-Fest-2022-pit-lane-1536x1025.jpg 1536w, https:\/\/binn.wpenginepowered.com\/wp-content\/uploads\/2023\/04\/Valencia-NASCAR-Fest-2022-pit-lane.jpg 2048w\" sizes=\"(max-width: 1024px) 100vw, 1024px\" \/><\/p>\n<p>La classificaci\u00f3 i totes les carreres del GP NASCAR d\u2019Espanya es retransmetran en directe pel canal de Youtube d\u2019EuroNASCAR, en Motorsport.tv i en molts altres serveis de televisi\u00f3 de tot el m\u00f3n.<\/p>\n","protected":false},"excerpt":{"rendered":"<p>El\u00a0Circuit Ricardo Tormo i les NASCAR Whelen Euro Series celebren, aquesta temporada, el des\u00e9 aniversari del Valencia NASCAR Fest. 2023 marcar\u00e0 una fita especial per a la s\u00e8rie oficial de NASCAR a Europa i el tra\u00e7at valenci\u00e0, que celebraran, els dies 6 i 7 de maig, una edici\u00f3 especial del tradicional NASCAR GP Espanya. Per [&hellip;]<\/p>\n","protected":false},"author":2,"featured_media":24893,"comment_status":"closed","ping_status":"closed","sticky":false,"template":"","format":"standard","meta":{"_acf_changed":false,"footnotes":""},"categories":[3],"tags":[983],"class_list":["post-24908","post","type-post","status-publish","format-standard","has-post-thumbnail","hentry","category-uncategorized-ca","tag-valencianascar-ca"],"acf":[],"_links":{"self":[{"href":"https:\/\/www.circuitricardotormo.com\/ca\/wp-json\/wp\/v2\/posts\/24908","targetHints":{"allow":["GET"]}}],"collection":[{"href":"https:\/\/www.circuitricardotormo.com\/ca\/wp-json\/wp\/v2\/posts"}],"about":[{"href":"https:\/\/www.circuitricardotormo.com\/ca\/wp-json\/wp\/v2\/types\/post"}],"author":[{"embeddable":true,"href":"https:\/\/www.circuitricardotormo.com\/ca\/wp-json\/wp\/v2\/users\/2"}],"replies":[{"embeddable":true,"href":"https:\/\/www.circuitricardotormo.com\/ca\/wp-json\/wp\/v2\/comments?post=24908"}],"version-history":[{"count":0,"href":"https:\/\/www.circuitricardotormo.com\/ca\/wp-json\/wp\/v2\/posts\/24908\/revisions"}],"wp:featuredmedia":[{"embeddable":true,"href":"https:\/\/www.circuitricardotormo.com\/ca\/wp-json\/wp\/v2\/media\/24893"}],"wp:attachment":[{"href":"https:\/\/www.circuitricardotormo.com\/ca\/wp-json\/wp\/v2\/media?parent=24908"}],"wp:term":[{"taxonomy":"category","embeddable":true,"href":"https:\/\/www.circuitricardotormo.com\/ca\/wp-json\/wp\/v2\/categories?post=24908"},{"taxonomy":"post_tag","embeddable":true,"href":"https:\/\/www.circuitricardotormo.com\/ca\/wp-json\/wp\/v2\/tags?post=24908"}],"curies":[{"name":"wp","href":"https:\/\/api.w.org\/{rel}","templated":true}]}}