{"id":26228,"date":"2023-09-21T10:48:40","date_gmt":"2023-09-21T08:48:40","guid":{"rendered":"https:\/\/www.circuitricardotormo.com\/?p=26228"},"modified":"2023-09-21T13:08:26","modified_gmt":"2023-09-21T11:08:26","slug":"cer-gt-copa-saxo-8v-clio-cup-i-copa-racer-omplen-daccio-el-cap-de-setmana","status":"publish","type":"post","link":"https:\/\/www.circuitricardotormo.com\/ca\/cer-gt-copa-saxo-8v-clio-cup-i-copa-racer-omplen-daccio-el-cap-de-setmana\/","title":{"rendered":"CER GT, Copa Saxo 8v, Clio Cup i Copa Racer omplen d&#8217;acci\u00f3 el cap de setmana"},"content":{"rendered":"<p>El Circuit Ricardo Tormo celebra este cap de setmana la quarta cita del GT-CER, el Campionat d\u2019Espanya de Resist\u00e8ncia que arriba a Cheste juntament amb la Copa Saxo 8V, la Copa Racer i la Clio Cup.<\/p>\n<p>El GT-CER es disputar\u00e0 amb un total de quatre carreres a Val\u00e8ncia, la primera de GT en la jornada de dissabte i la segona i les dos cites del Campionat d\u2019Espanya de Resist\u00e8ncia, el diumenge.<\/p>\n<p>La pilot valenciana Nerea Mart\u00ed ser\u00e0 una de les protagonistes del cap de setmana als comandaments del BMW M4 de BMW Espa\u00f1a, junt amb Jos\u00e9 Manuel de los Milagros.<\/p>\n<p><img fetchpriority=\"high\" decoding=\"async\" class=\"aligncenter wp-image-23648 size-full\" src=\"https:\/\/www.circuitricardotormo.com\/wp-content\/uploads\/2022\/11\/Nerea-Marti-BMW.jpg\" alt=\"\" width=\"2048\" height=\"1164\" srcset=\"https:\/\/binn.wpenginepowered.com\/wp-content\/uploads\/2022\/11\/Nerea-Marti-BMW.jpg 2048w, https:\/\/binn.wpenginepowered.com\/wp-content\/uploads\/2022\/11\/Nerea-Marti-BMW-300x171.jpg 300w, https:\/\/binn.wpenginepowered.com\/wp-content\/uploads\/2022\/11\/Nerea-Marti-BMW-1024x582.jpg 1024w, https:\/\/binn.wpenginepowered.com\/wp-content\/uploads\/2022\/11\/Nerea-Marti-BMW-768x437.jpg 768w, https:\/\/binn.wpenginepowered.com\/wp-content\/uploads\/2022\/11\/Nerea-Marti-BMW-1536x873.jpg 1536w\" sizes=\"(max-width: 2048px) 100vw, 2048px\" \/><\/p>\n<p>\u201cEstic molt feli\u00e7 de tornar amb BMW este cap de setmana i m\u00e9s feli\u00e7 encara perqu\u00e8 correm a casa, a Cheste. Ser\u00e0 molt especial c\u00f3rrer prop dels meus i ho donarem tot per a estar al cim i sumar tots els punts possibles per a seguir en la lluita pel t\u00edtol\u201d, ha indicat la pilot del Centre de Tecnificaci\u00f3 del Circuit.<\/p>\n<p><strong>Copes monomarca<\/strong><\/p>\n<p>Les persones aficionades podran gaudir d\u2019un ampli programa de carreres amb nou proves m\u00e9s durant tot el cap de setmana. La Copa Saxo 8v celebra la quarta de les cinc cites que oferix i s\u2019hi disputaran quatre carreres amb el madrileny Iv\u00e1n Riera com a l\u00edder.<\/p>\n<p>La Copa Racer posar\u00e0 en pista un bon nombre de Mini Cooper preparats per a donar espectacle en dos carreres a l\u2019esprint de nom\u00e9s 20 minuts de duraci\u00f3 i una de 45 minuts. El madrileny \u00c1lvaro Vela i el franc\u00e9s Sebasti\u00e1n Villadary lideren la classificaci\u00f3 general.<\/p>\n<p><img decoding=\"async\" class=\"aligncenter wp-image-23929 size-large\" src=\"https:\/\/www.circuitricardotormo.com\/wp-content\/uploads\/2023\/01\/RW-2022-Valencia_Clio-Cup-22-Lydia-Sempere-1024x683.jpg\" alt=\"\" width=\"1024\" height=\"683\" srcset=\"https:\/\/binn.wpenginepowered.com\/wp-content\/uploads\/2023\/01\/RW-2022-Valencia_Clio-Cup-22-Lydia-Sempere-1024x683.jpg 1024w, https:\/\/binn.wpenginepowered.com\/wp-content\/uploads\/2023\/01\/RW-2022-Valencia_Clio-Cup-22-Lydia-Sempere-300x200.jpg 300w, https:\/\/binn.wpenginepowered.com\/wp-content\/uploads\/2023\/01\/RW-2022-Valencia_Clio-Cup-22-Lydia-Sempere-768x512.jpg 768w, https:\/\/binn.wpenginepowered.com\/wp-content\/uploads\/2023\/01\/RW-2022-Valencia_Clio-Cup-22-Lydia-Sempere-1536x1024.jpg 1536w, https:\/\/binn.wpenginepowered.com\/wp-content\/uploads\/2023\/01\/RW-2022-Valencia_Clio-Cup-22-Lydia-Sempere-2048x1365.jpg 2048w\" sizes=\"(max-width: 1024px) 100vw, 1024px\" \/><\/p>\n<p>La veterana Clio Cup arriba al Circuit Ricardo Tormo per a celebrar les primeres carreres de l\u2019any a Espanya despr\u00e9s de les proves en els tra\u00e7ats francesos de Nogaro i de Magny-Cours. El gal J\u00e9r\u00e9my Bordagaray \u00e9s el l\u00edder de la general de pilots que compta amb la jove alacantina Lydia Sempere com a protagonista.<\/p>\n<p>Els aficionats que vulguen assistir a les carreres tindran l\u2019oportunitat d\u2019accedir a les graderies i al p\u00e0doc del Circuit Ricardo Tormo de manera gratu\u00efta.<\/p>\n<p><img decoding=\"async\" class=\"aligncenter wp-image-21341 size-large\" src=\"https:\/\/www.circuitricardotormo.com\/wp-content\/uploads\/2022\/07\/Salida-Copa-Saxo-RW-2022-Valencia_Copa-Saxo-8V-salida-2-1170x731-1-1024x640.jpg\" alt=\"\" width=\"1024\" height=\"640\" srcset=\"https:\/\/binn.wpenginepowered.com\/wp-content\/uploads\/2022\/07\/Salida-Copa-Saxo-RW-2022-Valencia_Copa-Saxo-8V-salida-2-1170x731-1-1024x640.jpg 1024w, https:\/\/binn.wpenginepowered.com\/wp-content\/uploads\/2022\/07\/Salida-Copa-Saxo-RW-2022-Valencia_Copa-Saxo-8V-salida-2-1170x731-1-300x187.jpg 300w, https:\/\/binn.wpenginepowered.com\/wp-content\/uploads\/2022\/07\/Salida-Copa-Saxo-RW-2022-Valencia_Copa-Saxo-8V-salida-2-1170x731-1-768x480.jpg 768w, https:\/\/binn.wpenginepowered.com\/wp-content\/uploads\/2022\/07\/Salida-Copa-Saxo-RW-2022-Valencia_Copa-Saxo-8V-salida-2-1170x731-1.jpg 1170w\" sizes=\"(max-width: 1024px) 100vw, 1024px\" \/><\/p>\n<p>Les instal\u00b7lacions de Cheste obriran les portes el dissabte a les 9.00, quan comencen els entrenaments. Les primeres carreres es disputaran a partir de les 13.45 del dissabte i s\u2019allargaran fins a les 18.25 hores. El diumenge, l\u2019acci\u00f3 comen\u00e7a de nou a les 9.00 i hi ha un total de huit carreres programades des de les 10.55 hores fins a les 17.45 hores.<\/p>\n","protected":false},"excerpt":{"rendered":"<p>El Circuit Ricardo Tormo celebra este cap de setmana la quarta cita del GT-CER, el Campionat d\u2019Espanya de Resist\u00e8ncia que arriba a Cheste juntament amb la Copa Saxo 8V, la Copa Racer i la Clio Cup. El GT-CER es disputar\u00e0 amb un total de quatre carreres a Val\u00e8ncia, la primera de GT en la jornada [&hellip;]<\/p>\n","protected":false},"author":2,"featured_media":26226,"comment_status":"closed","ping_status":"closed","sticky":false,"template":"","format":"standard","meta":{"_acf_changed":false,"footnotes":""},"categories":[3],"tags":[995,996,997],"class_list":["post-26228","post","type-post","status-publish","format-standard","has-post-thumbnail","hentry","category-uncategorized-ca","tag-clio-cup-ca","tag-copa-racer-ca","tag-gt-cer-ca"],"acf":[],"_links":{"self":[{"href":"https:\/\/www.circuitricardotormo.com\/ca\/wp-json\/wp\/v2\/posts\/26228","targetHints":{"allow":["GET"]}}],"collection":[{"href":"https:\/\/www.circuitricardotormo.com\/ca\/wp-json\/wp\/v2\/posts"}],"about":[{"href":"https:\/\/www.circuitricardotormo.com\/ca\/wp-json\/wp\/v2\/types\/post"}],"author":[{"embeddable":true,"href":"https:\/\/www.circuitricardotormo.com\/ca\/wp-json\/wp\/v2\/users\/2"}],"replies":[{"embeddable":true,"href":"https:\/\/www.circuitricardotormo.com\/ca\/wp-json\/wp\/v2\/comments?post=26228"}],"version-history":[{"count":0,"href":"https:\/\/www.circuitricardotormo.com\/ca\/wp-json\/wp\/v2\/posts\/26228\/revisions"}],"wp:featuredmedia":[{"embeddable":true,"href":"https:\/\/www.circuitricardotormo.com\/ca\/wp-json\/wp\/v2\/media\/26226"}],"wp:attachment":[{"href":"https:\/\/www.circuitricardotormo.com\/ca\/wp-json\/wp\/v2\/media?parent=26228"}],"wp:term":[{"taxonomy":"category","embeddable":true,"href":"https:\/\/www.circuitricardotormo.com\/ca\/wp-json\/wp\/v2\/categories?post=26228"},{"taxonomy":"post_tag","embeddable":true,"href":"https:\/\/www.circuitricardotormo.com\/ca\/wp-json\/wp\/v2\/tags?post=26228"}],"curies":[{"name":"wp","href":"https:\/\/api.w.org\/{rel}","templated":true}]}}