{"id":26840,"date":"2023-11-20T15:17:43","date_gmt":"2023-11-20T13:17:43","guid":{"rendered":"https:\/\/www.circuitricardotormo.com\/el-circuit-ricardo-tormo-contara-con-cuatro-accesos-para-el-gran-premio\/"},"modified":"2023-11-21T10:31:31","modified_gmt":"2023-11-21T08:31:31","slug":"el-circuit-ricardo-tormo-contara-con-cuatro-accesos-para-el-gran-premio","status":"publish","type":"post","link":"https:\/\/www.circuitricardotormo.com\/ca\/el-circuit-ricardo-tormo-contara-con-cuatro-accesos-para-el-gran-premio\/","title":{"rendered":"El Circuit Ricardo Tormo tindr\u00e0 quatre accessos per al Gran Premi"},"content":{"rendered":"<p>El\u00a0<strong><a href=\"https:\/\/r.circuitocheste.expande.net\/mk\/cl\/f\/sh\/SMK1E8tHeGEmAqp6WJx3xSIdfMcz\/WXnne_0iwZ6X\" target=\"_blank\" rel=\"noopener\" data-saferedirecturl=\"https:\/\/www.google.com\/url?q=https:\/\/r.circuitocheste.expande.net\/mk\/cl\/f\/sh\/SMK1E8tHeGEmAqp6WJx3xSIdfMcz\/WXnne_0iwZ6X&amp;source=gmail&amp;ust=1700571536924000&amp;usg=AOvVaw1FI34oQ9Pc2EuOxLGuuNnk\">Circuit Ricardo Tormo <\/a><\/strong>celebra este cap de setmana el Gran Premi Motul de la Comunitat Valenciana, l\u2019\u00faltima cita del Campionat del M\u00f3n de Motociclisme que reunir\u00e0 a Cheste m\u00e9s de 85.000 aficionats, tant el dissabte, per a la carrera Sprint, com el diumenge.<\/p>\n<p>Un total de quatre accessos estaran disponibles. Aix\u00ed, la ruta A arriba al Circuit a trav\u00e9s de l\u2019eixida 334 de l\u2019autovia A-3, \u00e9s l\u2019acc\u00e9s principal per a aquells que acudisquen al p\u00e0doc, a la tribuna de boxs, les tribunes taronja i groga i per a tots aquells que arriben amb moto al tra\u00e7at de Cheste.<\/p>\n<p>La ruta B \u00e9s exclusiva per al servei de taxi, que arribar\u00e0 al Circuit r\u00e0pidament en comptar amb este acc\u00e9s \u00fanic des de l\u2019eixida 340 de l\u2019autovia A-3. La ruta C \u00e9s ideal per a aquells que tinguen entrades de les tribunes blava i verda per a accedir des de l\u2019eixida 332. La quarta ruta, la D, tamb\u00e9 partix des de l\u2019eixida 332, per\u00f2 dona acc\u00e9s als aficionats de les tribunes blanca i roja a trav\u00e9s de parc empresarial.<\/p>\n<p>Totes les entrades s\u00f3n v\u00e0lides per als tres dies d\u2019acci\u00f3 i tots els aparcaments s\u00f3n gratu\u00efts.<\/p>\n<p>La principal novetat, en este sentit, \u00e9s la posada en servei de BusforFun, un servei d\u2019autob\u00fas que oferix la possibilitat d\u2019assistir a l\u2019esdeveniment des de diverses proced\u00e8ncies directament amb autob\u00fas en la jornada del diumenge.<\/p>\n<p><strong>Vine amb moto<\/strong><\/p>\n<p>La millor opci\u00f3 per a assistir a les carreres \u00e9s la moto. Desenes de milers d\u2019aficionats trien este mode de transport per a completar l\u2019experi\u00e8ncia de celebrar el final de festa de la temporada al Circuit. El p\u00fablic que no tinga la possibilitat d\u2019acudir amb moto ha d\u2019utilitzar el transport p\u00fablic, el tren de rodalia, amb un ampli horari i m\u00e9s de 8.000 places disponibles garantix l\u2019arribada a l\u2019andana pr\u00f2xima al Circuit Ricardo Tormo en nom\u00e9s 25 minuts.<\/p>\n<p>La pitjor opci\u00f3 \u00e9s el cotxe, per\u00f2 si l\u2019aficionat no t\u00e9 alternativa, ha de saber que l\u2019organitzaci\u00f3 sol\u00b7licita que els aficionats ocupen almenys 4 places de cada cotxe.<\/p>\n","protected":false},"excerpt":{"rendered":"<p>El\u00a0Circuit Ricardo Tormo celebra este cap de setmana el Gran Premi Motul de la Comunitat Valenciana, l\u2019\u00faltima cita del Campionat del M\u00f3n de Motociclisme que reunir\u00e0 a Cheste m\u00e9s de 85.000 aficionats, tant el dissabte, per a la carrera Sprint, com el diumenge. Un total de quatre accessos estaran disponibles. Aix\u00ed, la ruta A arriba [&hellip;]<\/p>\n","protected":false},"author":4,"featured_media":26829,"comment_status":"closed","ping_status":"closed","sticky":false,"template":"","format":"standard","meta":{"_acf_changed":false,"footnotes":""},"categories":[875],"tags":[1002,953,954],"class_list":["post-26840","post","type-post","status-publish","format-standard","has-post-thumbnail","hentry","category-noticias-ca","tag-accesosgp-ca","tag-motogp-ca","tag-valenciagp-ca"],"acf":[],"_links":{"self":[{"href":"https:\/\/www.circuitricardotormo.com\/ca\/wp-json\/wp\/v2\/posts\/26840","targetHints":{"allow":["GET"]}}],"collection":[{"href":"https:\/\/www.circuitricardotormo.com\/ca\/wp-json\/wp\/v2\/posts"}],"about":[{"href":"https:\/\/www.circuitricardotormo.com\/ca\/wp-json\/wp\/v2\/types\/post"}],"author":[{"embeddable":true,"href":"https:\/\/www.circuitricardotormo.com\/ca\/wp-json\/wp\/v2\/users\/4"}],"replies":[{"embeddable":true,"href":"https:\/\/www.circuitricardotormo.com\/ca\/wp-json\/wp\/v2\/comments?post=26840"}],"version-history":[{"count":0,"href":"https:\/\/www.circuitricardotormo.com\/ca\/wp-json\/wp\/v2\/posts\/26840\/revisions"}],"wp:featuredmedia":[{"embeddable":true,"href":"https:\/\/www.circuitricardotormo.com\/ca\/wp-json\/wp\/v2\/media\/26829"}],"wp:attachment":[{"href":"https:\/\/www.circuitricardotormo.com\/ca\/wp-json\/wp\/v2\/media?parent=26840"}],"wp:term":[{"taxonomy":"category","embeddable":true,"href":"https:\/\/www.circuitricardotormo.com\/ca\/wp-json\/wp\/v2\/categories?post=26840"},{"taxonomy":"post_tag","embeddable":true,"href":"https:\/\/www.circuitricardotormo.com\/ca\/wp-json\/wp\/v2\/tags?post=26840"}],"curies":[{"name":"wp","href":"https:\/\/api.w.org\/{rel}","templated":true}]}}