{"id":27199,"date":"2023-11-24T15:31:58","date_gmt":"2023-11-24T13:31:58","guid":{"rendered":"https:\/\/www.circuitricardotormo.com\/?p=27199"},"modified":"2023-11-24T16:59:31","modified_gmt":"2023-11-24T14:59:31","slug":"el-circuit-penja-el-cartell-de-no-hi-ha-bitllets-per-a-la-celebracio-del-gran-premi","status":"publish","type":"post","link":"https:\/\/www.circuitricardotormo.com\/ca\/el-circuit-penja-el-cartell-de-no-hi-ha-bitllets-per-a-la-celebracio-del-gran-premi\/","title":{"rendered":"El Circuit penja el cartell de no hi ha bitllets per a la celebraci\u00f3 del Gran Premi"},"content":{"rendered":"<div>\n<p>El Circuit Ricardo Tormo ha penjat el cartell de <strong>no hi ha bitllets<\/strong> per a la celebraci\u00f3 este cap de setmana del Gran Premi Motul de la Comunitat Valenciana, l&#8217;\u00faltima cita del Campionat del M\u00f3n de Motociclisme.<\/p>\n<p>La traca final de la temporada 2023 de MotoGP arriba a Cheste amb la m\u00e0xima categoria per decidir i amb el m\u00e0xim d&#8217;ocupaci\u00f3. L&#8217;itali\u00e0 <strong>Francesco Bagnaia<\/strong> (Ducati) arriba l\u00edder amb 21 punts d&#8217;avantatge sobre l&#8217;espanyol <strong>Jorge Mart\u00edn<\/strong> (Ducati).<\/p>\n<p>Les graderies del Circuit Ricardo Tormo s&#8217;ompliran al complet durant el cap de setmana amb m\u00e9s de 85.000 aficionats. Totes les tribunes i les graderies, aix\u00ed com les llotges, estaran plenes despr\u00e9s que hui s&#8217;hagen venut les \u00faltimes localitats de visibilitat redu\u00efda.<\/p>\n<p>Des de l&#8217;organitzaci\u00f3 es demana als aficionats que no tinguen entrada que no s&#8217;acosten als voltants del tra\u00e7at valenci\u00e0 per a facilitar el desenvolupament de l&#8217;esdeveniment.<\/p>\n<p><strong>Les entrades de 2024 ja a la venda<\/strong><\/p>\n<p>Les entrades per al Gran Premi Motul de la Comunitat Valenciana 2024 ja estan a la venda. Els aficionats que estiguen presents en el Circuit poden adquirir-les en exclusiva a trav\u00e9s d&#8217;un codi QR que trobaran en les zones de les taquilles.<\/p>\n<p>Nom\u00e9s este cap de setmana, els aficionats que les compren podran fer-lo amb un 20 % de descompte, el major descompte de tot l&#8217;any.<\/p>\n<\/div>\n<div><\/div>\n<div><img fetchpriority=\"high\" decoding=\"async\" class=\"aligncenter wp-image-27195 size-large\" src=\"https:\/\/www.circuitricardotormo.com\/wp-content\/uploads\/2023\/11\/ValenciaGP-2023-D-5170-1024x683.jpg\" alt=\"\" width=\"1024\" height=\"683\" srcset=\"https:\/\/binn.wpenginepowered.com\/wp-content\/uploads\/2023\/11\/ValenciaGP-2023-D-5170-1024x683.jpg 1024w, https:\/\/binn.wpenginepowered.com\/wp-content\/uploads\/2023\/11\/ValenciaGP-2023-D-5170-300x200.jpg 300w, https:\/\/binn.wpenginepowered.com\/wp-content\/uploads\/2023\/11\/ValenciaGP-2023-D-5170-768x512.jpg 768w, https:\/\/binn.wpenginepowered.com\/wp-content\/uploads\/2023\/11\/ValenciaGP-2023-D-5170-1536x1024.jpg 1536w, https:\/\/binn.wpenginepowered.com\/wp-content\/uploads\/2023\/11\/ValenciaGP-2023-D-5170-2048x1366.jpg 2048w\" sizes=\"(max-width: 1024px) 100vw, 1024px\" \/><\/div>\n","protected":false},"excerpt":{"rendered":"<p>El Circuit Ricardo Tormo ha penjat el cartell de no hi ha bitllets per a la celebraci\u00f3 este cap de setmana del Gran Premi Motul de la Comunitat Valenciana, l&#8217;\u00faltima cita del Campionat del M\u00f3n de Motociclisme. La traca final de la temporada 2023 de MotoGP arriba a Cheste amb la m\u00e0xima categoria per decidir [&hellip;]<\/p>\n","protected":false},"author":2,"featured_media":27193,"comment_status":"closed","ping_status":"closed","sticky":false,"template":"","format":"standard","meta":{"_acf_changed":false,"footnotes":""},"categories":[875],"tags":[953,954],"class_list":["post-27199","post","type-post","status-publish","format-standard","has-post-thumbnail","hentry","category-noticias-ca","tag-motogp-ca","tag-valenciagp-ca"],"acf":[],"_links":{"self":[{"href":"https:\/\/www.circuitricardotormo.com\/ca\/wp-json\/wp\/v2\/posts\/27199","targetHints":{"allow":["GET"]}}],"collection":[{"href":"https:\/\/www.circuitricardotormo.com\/ca\/wp-json\/wp\/v2\/posts"}],"about":[{"href":"https:\/\/www.circuitricardotormo.com\/ca\/wp-json\/wp\/v2\/types\/post"}],"author":[{"embeddable":true,"href":"https:\/\/www.circuitricardotormo.com\/ca\/wp-json\/wp\/v2\/users\/2"}],"replies":[{"embeddable":true,"href":"https:\/\/www.circuitricardotormo.com\/ca\/wp-json\/wp\/v2\/comments?post=27199"}],"version-history":[{"count":0,"href":"https:\/\/www.circuitricardotormo.com\/ca\/wp-json\/wp\/v2\/posts\/27199\/revisions"}],"wp:featuredmedia":[{"embeddable":true,"href":"https:\/\/www.circuitricardotormo.com\/ca\/wp-json\/wp\/v2\/media\/27193"}],"wp:attachment":[{"href":"https:\/\/www.circuitricardotormo.com\/ca\/wp-json\/wp\/v2\/media?parent=27199"}],"wp:term":[{"taxonomy":"category","embeddable":true,"href":"https:\/\/www.circuitricardotormo.com\/ca\/wp-json\/wp\/v2\/categories?post=27199"},{"taxonomy":"post_tag","embeddable":true,"href":"https:\/\/www.circuitricardotormo.com\/ca\/wp-json\/wp\/v2\/tags?post=27199"}],"curies":[{"name":"wp","href":"https:\/\/api.w.org\/{rel}","templated":true}]}}