{"id":29162,"date":"2024-05-15T10:49:20","date_gmt":"2024-05-15T08:49:20","guid":{"rendered":"https:\/\/www.circuitricardotormo.com\/gran-premi-velas-maraton-celebra-el-25-aniversari-amb-una-cursa-popular-nocturna\/"},"modified":"2024-06-10T10:37:13","modified_gmt":"2024-06-10T08:37:13","slug":"gran-premi-velas-maraton-celebra-el-25-aniversari-amb-una-cursa-popular-nocturna","status":"publish","type":"post","link":"https:\/\/www.circuitricardotormo.com\/ca\/gran-premi-velas-maraton-celebra-el-25-aniversari-amb-una-cursa-popular-nocturna\/","title":{"rendered":"Gran Premi Velas Maraton: celebra el 25 aniversari amb una cursa popular nocturna"},"content":{"rendered":"\t\t<div data-elementor-type=\"wp-post\" data-elementor-id=\"29162\" class=\"elementor elementor-29162 elementor-29143\" data-elementor-post-type=\"post\">\n\t\t\t\t\t\t<section class=\"elementor-section elementor-top-section elementor-element elementor-element-309016e6 elementor-section-boxed elementor-section-height-default elementor-section-height-default\" data-id=\"309016e6\" data-element_type=\"section\" data-settings=\"{&quot;jet_parallax_layout_list&quot;:[]}\">\n\t\t\t\t\t\t<div class=\"elementor-container elementor-column-gap-default\">\n\t\t\t\t\t<div class=\"elementor-column elementor-col-100 elementor-top-column elementor-element elementor-element-c352b1a\" data-id=\"c352b1a\" data-element_type=\"column\">\n\t\t\t<div class=\"elementor-widget-wrap elementor-element-populated\">\n\t\t\t\t\t\t<div class=\"elementor-element elementor-element-9aa990a elementor-widget elementor-widget-text-editor\" data-id=\"9aa990a\" data-element_type=\"widget\" data-widget_type=\"text-editor.default\">\n\t\t\t\t<div class=\"elementor-widget-container\">\n\t\t\t\t\t\t\t\t\t<p>El <strong>Circuit Ricardo Tormo<\/strong> complix esta temporada 25 anys de vida i per a celebrar-ho tens l&#8217;oportunitat de participar en eI Gran Premi Veles Maraton, una prova de running en la qual participants de totes les categories tindran l&#8217;oportunitat de c\u00f3rrer per la pista del Circuit.<\/p>\n\t\t\t\t\t\t\t\t<\/div>\n\t\t\t\t<\/div>\n\t\t\t\t<div class=\"elementor-element elementor-element-ee22dfe elementor-align-center elementor-widget elementor-widget-button\" data-id=\"ee22dfe\" data-element_type=\"widget\" data-widget_type=\"button.default\">\n\t\t\t\t<div class=\"elementor-widget-container\">\n\t\t\t\t\t\t\t\t\t<div class=\"elementor-button-wrapper\">\n\t\t\t\t\t<a class=\"elementor-button elementor-button-link elementor-size-sm\" href=\"https:\/\/cronorunner.com\/evento.php?ref=649-1951\" target=\"_blank\" rel=\"noopener\">\n\t\t\t\t\t\t<span class=\"elementor-button-content-wrapper\">\n\t\t\t\t\t\t\t\t\t<span class=\"elementor-button-text\">Inscripcions<\/span>\n\t\t\t\t\t<\/span>\n\t\t\t\t\t<\/a>\n\t\t\t\t<\/div>\n\t\t\t\t\t\t\t\t<\/div>\n\t\t\t\t<\/div>\n\t\t\t\t<div class=\"elementor-element elementor-element-1514ff6f elementor-widget elementor-widget-text-editor\" data-id=\"1514ff6f\" data-element_type=\"widget\" data-widget_type=\"text-editor.default\">\n\t\t\t\t<div class=\"elementor-widget-container\">\n\t\t\t\t\t\t\t\t\t<p>La cita \u00e9s el <strong>15 de juny a les 21.00<\/strong>. A eixa hora es donaran l&#8217;eixida de les dos competicions programades. Una carrera d&#8217;una volta la pista de Gran Premi, \u00e9s a dir 4.005 metres, i tamb\u00e9 una carrera de 10 quil\u00f2metres de dist\u00e0ncia per als corredors m\u00e9s experts, que constar\u00e0 d&#8217;una primera volta al tra\u00e7at complet de 4 quil\u00f2metres i altres dos al circuit exterior similar al que utilitza la F\u00f3rmula E, cadascuna d&#8217;eixes volta t\u00e9 una dist\u00e0ncia de 3 quil\u00f2metres per a completar els 10K de la prova llarga.<\/p>\n<p><a href=\"https:\/\/cronorunner.com\/evento.php?ref=649-1951\" target=\"_blank\" rel=\"noopener\"><img fetchpriority=\"high\" decoding=\"async\" class=\"aligncenter wp-image-29144 size-medium\" src=\"https:\/\/www.circuitricardotormo.com\/wp-content\/uploads\/2024\/05\/Logo-Gran-Premio-Velas-300x222.webp\" alt=\"\" width=\"300\" height=\"222\" srcset=\"https:\/\/binn.wpenginepowered.com\/wp-content\/uploads\/2024\/05\/Logo-Gran-Premio-Velas-300x222.webp 300w, https:\/\/binn.wpenginepowered.com\/wp-content\/uploads\/2024\/05\/Logo-Gran-Premio-Velas-768x570.webp 768w, https:\/\/binn.wpenginepowered.com\/wp-content\/uploads\/2024\/05\/Logo-Gran-Premio-Velas.webp 828w\" sizes=\"(max-width: 300px) 100vw, 300px\" \/><\/a><\/p>\n<p>Les inscripcions estan obertes ja mateix en el portal CRONORUNNER amb un preu de nom\u00e9s 3 euros tant per a la prova a una volta com per a la 10K<\/p>\n<p>L&#8217;eixida tindr\u00e0 lloc com no podia ser d&#8217;una altra forma en la graella d&#8217;eixida del Circuit i l&#8217;arribada, baix la bandera a quadres, estar\u00e0 situada en el mateix lloc per a completar una experi\u00e8ncia \u00fanica que combina l&#8217;afici\u00f3 pel running i la passi\u00f3 per les carreres.<\/p>\n<p>Veles Maraton en un jove club de running de la ciutat de Val\u00e8ncia que compta ja amb un bon n\u00famero d&#8217;inscrits i que organitza per primera vegada una carrera oberta a la participaci\u00f3 de tots. Es tracta d&#8217;una primera experi\u00e8ncia que ha de consolidar-se com una de les grans cites del calendari de carreres populars amb una prova singular, \u00fanica i segura que a m\u00e9s pots ser una experi\u00e8ncia inoblidable per als amants del m\u00f3n del motor en este 25 aniversari del Circuit.<\/p>\n\t\t\t\t\t\t\t\t<\/div>\n\t\t\t\t<\/div>\n\t\t\t\t<div class=\"elementor-element elementor-element-0d413d1 elementor-align-center elementor-widget elementor-widget-button\" data-id=\"0d413d1\" data-element_type=\"widget\" data-widget_type=\"button.default\">\n\t\t\t\t<div class=\"elementor-widget-container\">\n\t\t\t\t\t\t\t\t\t<div class=\"elementor-button-wrapper\">\n\t\t\t\t\t<a class=\"elementor-button elementor-button-link elementor-size-sm\" href=\"https:\/\/cronorunner.com\/evento.php?ref=649-1951\" target=\"_blank\" rel=\"noopener\">\n\t\t\t\t\t\t<span class=\"elementor-button-content-wrapper\">\n\t\t\t\t\t\t\t\t\t<span class=\"elementor-button-text\">Inscripcions<\/span>\n\t\t\t\t\t<\/span>\n\t\t\t\t\t<\/a>\n\t\t\t\t<\/div>\n\t\t\t\t\t\t\t\t<\/div>\n\t\t\t\t<\/div>\n\t\t\t\t\t<\/div>\n\t\t<\/div>\n\t\t\t\t\t<\/div>\n\t\t<\/section>\n\t\t\t\t<\/div>\n\t\t","protected":false},"excerpt":{"rendered":"<p>El Circuit Ricardo Tormo complix esta temporada 25 anys de vida i per a celebrar-ho tens l&#8217;oportunitat de participar en eI Gran Premi Veles Maraton, una prova de running en la qual participants de totes les categories tindran l&#8217;oportunitat de c\u00f3rrer per la pista del Circuit. Inscripcions La cita \u00e9s el 15 de juny a [&hellip;]<\/p>\n","protected":false},"author":2,"featured_media":27979,"comment_status":"closed","ping_status":"closed","sticky":false,"template":"","format":"standard","meta":{"_acf_changed":false,"footnotes":""},"categories":[3],"tags":[1021],"class_list":["post-29162","post","type-post","status-publish","format-standard","has-post-thumbnail","hentry","category-uncategorized-ca","tag-running-ca"],"acf":[],"_links":{"self":[{"href":"https:\/\/www.circuitricardotormo.com\/ca\/wp-json\/wp\/v2\/posts\/29162","targetHints":{"allow":["GET"]}}],"collection":[{"href":"https:\/\/www.circuitricardotormo.com\/ca\/wp-json\/wp\/v2\/posts"}],"about":[{"href":"https:\/\/www.circuitricardotormo.com\/ca\/wp-json\/wp\/v2\/types\/post"}],"author":[{"embeddable":true,"href":"https:\/\/www.circuitricardotormo.com\/ca\/wp-json\/wp\/v2\/users\/2"}],"replies":[{"embeddable":true,"href":"https:\/\/www.circuitricardotormo.com\/ca\/wp-json\/wp\/v2\/comments?post=29162"}],"version-history":[{"count":0,"href":"https:\/\/www.circuitricardotormo.com\/ca\/wp-json\/wp\/v2\/posts\/29162\/revisions"}],"wp:featuredmedia":[{"embeddable":true,"href":"https:\/\/www.circuitricardotormo.com\/ca\/wp-json\/wp\/v2\/media\/27979"}],"wp:attachment":[{"href":"https:\/\/www.circuitricardotormo.com\/ca\/wp-json\/wp\/v2\/media?parent=29162"}],"wp:term":[{"taxonomy":"category","embeddable":true,"href":"https:\/\/www.circuitricardotormo.com\/ca\/wp-json\/wp\/v2\/categories?post=29162"},{"taxonomy":"post_tag","embeddable":true,"href":"https:\/\/www.circuitricardotormo.com\/ca\/wp-json\/wp\/v2\/tags?post=29162"}],"curies":[{"name":"wp","href":"https:\/\/api.w.org\/{rel}","templated":true}]}}